{"id":1572,"date":"2017-07-08T01:12:02","date_gmt":"2017-07-07T19:12:02","guid":{"rendered":"http:\/\/revistamemoria.mx\/?p=1572"},"modified":"2017-07-08T02:49:38","modified_gmt":"2017-07-07T20:49:38","slug":"cuando-nosotras-hacemos-que-la-tierra-tiemble","status":"publish","type":"post","link":"https:\/\/revistamemoria.mx\/?p=1572","title":{"rendered":"CUANDO NOSOTRAS HACEMOS QUE LA TIERRA TIEMBLE"},"content":{"rendered":"<p>El 8 de marzo de 2017, la tierra tembl\u00f3. En a\u00f1os recientes hemos presenciado en todo el mundo un nuevo y cada vez m\u00e1s fortalecido movimiento de mujeres que devolvi\u00f3 a escena la lucha de j\u00f3venes y trabajadoras por derechos sexuales y reproductivos, contra el feminicidio, la violencia y la explotaci\u00f3n asalariada.<\/p>\n<p>El car\u00e1cter masivo e internacional de esta nueva oleada del movimiento de mujeres se ha ido construyendo como los nubarrones de una tempestad que se aproxima. En 2015 vivimos la lucha contra el feminicidio por #NiUnaMenos, que inund\u00f3 las calles argentinas y se extendi\u00f3 al cono sur. En 2016 vimos el paro de las polacas y las movilizaciones multitudinarias en Corea del Sur a fin de exigir el respeto de los derechos sexuales y reproductivos. En Italia e Irlanda nos movilizamos contra la desigualdad salarial para las mujeres.<\/p>\n<p>En enero de 2017, con la llegada de Trump a la Presidencia de Estados Unidos, millones inundaron las calles en la #WomensMarch, contra el mis\u00f3gino y racista m\u00e1s poderoso del mundo. Posteriormente, el 8 de marzo, renombradas feministas convocaron al #ParoInternacionalDeMujeres desafiando al feminismo burgu\u00e9s y reclamando uno anticapitalista. Acad\u00e9micas como Nancy Fraser o Cinzia Arruzza alertaron del peligro de caer en la trampa del \u201cmal menor\u201d que present\u00f3 al liberalismo \u201cprogresista\u201d de Hillary Clinton como la \u201ccandidata de las mujeres\u201d, planteando la necesidad de construir un feminismo de 99 por ciento.<sup>1<\/sup><\/p>\n<p>Este movimiento ha combinado la lucha contra la violencia con la lucha contra la precarizaci\u00f3n laboral y la explotaci\u00f3n capitalista \u2013dom\u00e9stica y asalariada\u2013, destacando que las mujeres de sectores populares y trabajadoras son las m\u00e1s golpeadas por las consecuencias del neoliberalismo y los efectos de la crisis.<\/p>\n<p>Y es que luego de tres d\u00e9cadas de neoliberalismo, la estrategia de conquistar mayores derechos en el marco de las democracias capitalistas ha resultado profundamente impotente para transformar las miserables condiciones de violencia y superexplotaci\u00f3n que enfrenta la mayor\u00eda de las mujeres en el mundo.<\/p>\n<p><b><img loading=\"lazy\" decoding=\"async\" class=\"alignleft  wp-image-1573\" src=\"https:\/\/revistamemoria.mx\/wp-content\/uploads\/2017\/07\/rini-58web.jpg\" alt=\"\" width=\"349\" height=\"228\" srcset=\"https:\/\/revistamemoria.mx\/wp-content\/uploads\/2017\/07\/rini-58web.jpg 400w, https:\/\/revistamemoria.mx\/wp-content\/uploads\/2017\/07\/rini-58web-300x196.jpg 300w\" sizes=\"auto, (max-width: 349px) 100vw, 349px\" \/>La igualdad ante la ley\u00a0<\/b><b>no lo es ante la vida<\/b><\/p>\n<p>El l\u00edmite del feminismo liberal hegem\u00f3nico fue precisamente que el periodo de \u201cmayores avances\u201d legales tuvo como contraparte la profundizaci\u00f3n de los agravios contra las mujeres y la clase trabajadora, mostr\u00e1ndose incapaz de resolver las demandas m\u00e1s elementales. Hoy, 40 por ciento del empleo global es femenino; de \u00e9l, 50.5 por ciento corresponde a trabajos precarios y con jornadas de hasta 16 horas. Cada a\u00f1o, entre 1.5 y 3 millones de mujeres y ni\u00f1as sufren violencia machista, y es incalculable el n\u00famero de v\u00edctimas que cobra el feminicidio. S\u00f3lo en M\u00e9xico, 1 mujer es asesinada cada 3 horas. A escala mundial, las mujeres y las ni\u00f1as representamos 70 por ciento de la poblaci\u00f3n en situaci\u00f3n de pobreza; 500 mil mujeres mueren por complicaciones en el embarazo y el parto y otras 500 perecen por las consecuencias de abortos clandestinos cada a\u00f1o. A esto se suma la extensi\u00f3n mundial de las redes de trata y prostituci\u00f3n, y las situaciones de guerra o conflictos armados que cobran entre sus v\u00edctimas a miles de nosotras.<\/p>\n<p>La m\u00e1scara que ocult\u00f3 estos ataques fue el discurso de \u201campliaci\u00f3n democr\u00e1tica\u201d que fortaleci\u00f3 al Estado capitalista y signific\u00f3 el reconocimiento de la violencia machista traducido en legislaci\u00f3n y pol\u00edtica p\u00fablica. Esto, por la v\u00eda de integrar en t\u00e9rminos de cooptaci\u00f3n al movimiento feminista \u2013otrora combativo\u2013, volvi\u00e9ndolo inofensivo para el poder pol\u00edtico de la burgues\u00eda. Ese feminismo hegem\u00f3nico se neg\u00f3 al cuestionamiento radical de la sociedad capitalista que se sirve del patriarcado para imponer su orden social y moral, para plegarse a una estrategia de conquista progresiva de derechos <i>dentro<\/i> de los marcos pol\u00edticos y econ\u00f3micos del sistema, renunciando a las calles y a un proyecto emancipador para el conjunto de la humanidad.<\/p>\n<p>Al mismo tiempo, termin\u00f3 fortaleciendo la confianza en el Estado burgu\u00e9s \u2013que mantiene la explotaci\u00f3n asalariada de millones para garantizar los privilegios de clase de los capitalistas\u2013, en sus instituciones y en una legalidad que protege la propiedad privada de los capitalistas mediante el monopolio de la violencia. A este Estado se pedir\u00e1n reconocimiento de los agravios y castigo para los responsables.<sup>2<\/sup><\/p>\n<p>En M\u00e9xico, el caso m\u00e1s emblem\u00e1tico es la Ley de Alerta de G\u00e9nero que, a fin de \u201cprevenir el feminicidio\u201d, procede con un poderoso despliegue de fuerzas represivas para \u201cgarantizar la seguridad\u201d de las mujeres como <i>grupo vulnerable<\/i> cuando la militarizaci\u00f3n del pa\u00eds dispar\u00f3 el feminicidio y la violencia contra la poblaci\u00f3n, destapando la asociaci\u00f3n con el crimen organizado \u2013como en las redes de trata y prostituci\u00f3n\u2013, en cuya administraci\u00f3n y funcionamiento est\u00e1n involucradas las polic\u00edas, el Ej\u00e9rcito y la Marina. O el caso de las integrantes del magisterio que enfrentan una reforma educativa impuesta con sangre y fuego que demuestra la intenci\u00f3n del gobierno de profundizar la explotaci\u00f3n de millones a la par de aprobar leyes contra la violencia machista.<\/p>\n<p>La trampa del derecho burgu\u00e9s radica en un punitivismo, que castiga de manera individual un problema estructural-sist\u00e9mico \u2013el perverso matrimonio capitalismo-patriarcado\u2013, permitiendo la total impunidad de los capitalistas y la casta pol\u00edtica que administra sus negocios. El castigo que ofrece la \u201ctutela\u201d de la democracia capitalista fortalece la concepci\u00f3n de mujeres <i>v\u00edctimas<\/i>, revictimiz\u00e1ndolas al eliminar del imaginario la posibilidad de construir una respuesta colectiva contra la violencia y la precarizaci\u00f3n laboral, incluyendo la transformaci\u00f3n radical de las condiciones materiales y de vida de 99 por ciento de la poblaci\u00f3n sobre la base de cuestionar el poder pol\u00edtico de la burgues\u00eda.<sup>3<\/sup><\/p>\n<p><b>Los desaf\u00edos del movimiento\u00a0<\/b><b>de mujeres en la era Trump<\/b><\/p>\n<p>Hoy, el nuevo movimiento de mujeres, su car\u00e1cter internacional y la convocatoria a un feminismo de 99 por ciento refuerzan la posibilidad de construir un ala anticapitalista que tenga la perspectiva de masificar el movimiento para que millones levanten los reclamos de las mujeres, combatiendo los prejuicios machistas entre la clase trabajadora, convenciendo de luchar por la emancipaci\u00f3n de las mujeres y de la humanidad en su conjunto. Un feminismo que hunda sus ra\u00edces en la clase obrera y que sea consciente de que no es posible hablar de libertad para las mujeres si la emancipaci\u00f3n de algunas depende de la explotaci\u00f3n de muchos, y que luche por la independencia pol\u00edtica de los partidos capitalistas y contra la opresi\u00f3n imperialista.<\/p>\n<p>La clase trabajadora, la juventud y la comunidad lgbt pueden ser importantes aliados en la lucha contra el binomio patriarcado-capitalismo, como expres\u00f3 tendencialmente el #ParoInternacionalDeMujeres.<\/p>\n<p>En un momento en el que la clase obrera viene recomponi\u00e9ndose subjetivamente a escala internacional, como demuestra la huelga general del #28A en Brasil o las movilizaciones contra las pol\u00edticas de Trump en Estados Unidos, la urgencia de reconstruir la alianza entre la lucha de las mujeres y la de la clase obrera contra el capitalismo es un desaf\u00edo imperioso del movimiento de mujeres y de la izquierda revolucionaria en M\u00e9xico.<\/p>\n<p>S\u00f3lo un feminismo que aspire a convertirse en un movimiento pol\u00edtico de masas, que ligue la lucha por mayores derechos y libertades elementales al combate por derribar este r\u00e9gimen social de explotaci\u00f3n para las enormes mayor\u00edas puede ser emancipador.<\/p>\n<hr \/>\n<p>* Yara Almonte. Militante del Movimiento de los Trabajadores Socialistas, secci\u00f3n mexicana de la FT-CI Fracci\u00f3n Trotskista-Cuarta Internacional y de Pan y Rosas. Pasante de sociolog\u00eda por la Facultad de Ciencias Pol\u00edticas y Sociales de la Universidad Nacional Aut\u00f3noma de M\u00e9xico.<\/p>\n<p>Sulem Estrada. Maestra de secundaria, militante del Movimiento de los Trabajadores Socialistas y de Pan y Rosas. Candidata suplente a la Asamblea Constituyente de la Ciudad de M\u00e9xico en 2015 por la f\u00f3rmula anticapitalista.<\/p>\n<p><sup>1<\/sup> Murillo, Celeste. \u201cHillary Clinton y su \u2018techo de cristal\u2019\u201d, en revista <i>Ideas de Izquierda<\/i>, Buenos Aires, diciembre de 2016.<\/p>\n<p><sup>2<\/sup> Manifiesto de la agrupaci\u00f3n internacional de mujeres Pan y Rosas, consulta en l\u00ednea en www.izquierdadiario.com en marzo de 2017.<\/p>\n<p><sup>3<\/sup> D\u2019Atri, Andrea. \u201cPatriarcado, crimen y castigo\u201d, en revista <i>Ideas de Izquierda<\/i>, Buenos Aires, julio de 2016.<\/p>\n","protected":false},"excerpt":{"rendered":"<p>El 8 de marzo de 2017, la tierra tembl\u00f3. En a\u00f1os recientes hemos presenciado en todo el mundo un nuevo y cada vez m\u00e1s fortalecido movimiento de mujeres que devolvi\u00f3 a escena la lucha de j\u00f3venes y trabajadoras por derechos sexuales y reproductivos, contra el feminicidio, la violencia y la explotaci\u00f3n asalariada. El car\u00e1cter masivo &#8230; <a title=\"CUANDO NOSOTRAS HACEMOS QUE LA TIERRA TIEMBLE\" class=\"read-more\" href=\"https:\/\/revistamemoria.mx\/?p=1572\" aria-label=\"Leer m\u00e1s sobre CUANDO NOSOTRAS HACEMOS QUE LA TIERRA TIEMBLE\">Leer m\u00e1s<\/a><\/p>\n","protected":false},"author":121,"featured_media":0,"comment_status":"closed","ping_status":"closed","sticky":false,"template":"","format":"standard","meta":{"footnotes":""},"categories":[167],"tags":[168],"class_list":["post-1572","post","type-post","status-publish","format-standard","hentry","category-emergencia-feminista","tag-feminismo"],"_links":{"self":[{"href":"https:\/\/revistamemoria.mx\/index.php?rest_route=\/wp\/v2\/posts\/1572","targetHints":{"allow":["GET"]}}],"collection":[{"href":"https:\/\/revistamemoria.mx\/index.php?rest_route=\/wp\/v2\/posts"}],"about":[{"href":"https:\/\/revistamemoria.mx\/index.php?rest_route=\/wp\/v2\/types\/post"}],"author":[{"embeddable":true,"href":"https:\/\/revistamemoria.mx\/index.php?rest_route=\/wp\/v2\/users\/121"}],"replies":[{"embeddable":true,"href":"https:\/\/revistamemoria.mx\/index.php?rest_route=%2Fwp%2Fv2%2Fcomments&post=1572"}],"version-history":[{"count":1,"href":"https:\/\/revistamemoria.mx\/index.php?rest_route=\/wp\/v2\/posts\/1572\/revisions"}],"predecessor-version":[{"id":1574,"href":"https:\/\/revistamemoria.mx\/index.php?rest_route=\/wp\/v2\/posts\/1572\/revisions\/1574"}],"wp:attachment":[{"href":"https:\/\/revistamemoria.mx\/index.php?rest_route=%2Fwp%2Fv2%2Fmedia&parent=1572"}],"wp:term":[{"taxonomy":"category","embeddable":true,"href":"https:\/\/revistamemoria.mx\/index.php?rest_route=%2Fwp%2Fv2%2Fcategories&post=1572"},{"taxonomy":"post_tag","embeddable":true,"href":"https:\/\/revistamemoria.mx\/index.php?rest_route=%2Fwp%2Fv2%2Ftags&post=1572"}],"curies":[{"name":"wp","href":"https:\/\/api.w.org\/{rel}","templated":true}]}}