{"id":2902,"date":"2020-03-05T14:18:00","date_gmt":"2020-03-05T20:18:00","guid":{"rendered":"http:\/\/revistamemoria.mx\/?p=2902"},"modified":"2020-06-05T16:49:38","modified_gmt":"2020-06-05T22:49:38","slug":"antes-que-histericas-historicas","status":"publish","type":"post","link":"https:\/\/revistamemoria.mx\/?p=2902","title":{"rendered":"ANTES QUE HIST\u00c9RICAS, HIST\u00d3RICAS"},"content":{"rendered":"\n<p class=\"has-medium-font-size\"><strong>Por el aborto legal en Argentina<\/strong><\/p>\n\n\n\n<p><strong>I. No est\u00e1 bien, est\u00e1 mal<\/strong><\/p>\n\n\n\n<p>El final del primer recorrido legislativo es conocido: en Argentina, tras la sesi\u00f3n del 8 de agosto de 2019, el Senado de la Naci\u00f3n rechaz\u00f3 el proyecto de Ley de Interrupci\u00f3n Voluntaria del Embarazo, que contaba con media sanci\u00f3n de la C\u00e1mara de Diputados.<\/p>\n\n\n\n<p>El proyecto fue presentado por la Campa\u00f1a por el Derecho al Aborto Legal, Seguro y Gratuito por primera vez en 2007. Lo plantearon siete veces m\u00e1s, hasta que tom\u00f3 estado parlamentario. La discusi\u00f3n en el Senado, pese al fr\u00edo y la lluvia, fue acompa\u00f1ada de una vigilia hist\u00f3rica de miles de personas en las calles, la mayor que haya acompa\u00f1ado un debate legislativo.<\/p>\n\n\n\n<p>Se considera que desde el retorno de la democracia en 1983 hasta 2016 murieron al menos 3 mil 40 mujeres por legrados clandestinos, seg\u00fan datos oficiales del Ministerio de Salud. Y en el pa\u00eds se practican entre 370 mil y 520 mil abortos anuales.<\/p>\n\n\n\n<p>En el plenario de comisiones previo a la discusi\u00f3n en el Congreso, la senadora antiderechos por la provincia de Tucum\u00e1n Silvia El\u00edas de P\u00e9rez sugiri\u00f3 que el s\u00edndrome de Down es una enfermedad incurable y que los abortos se iban a recomendar como parte de una estrategia eugen\u00e9sica. El bi\u00f3logo e investigador del Consejo Nacional de Investigaciones Cient\u00edficas y T\u00e9cnicas Alberto Kornblihtt le respondi\u00f3 en uno de los momentos clave del intercambio que lo sostenido por ella no est\u00e1 bien.<\/p>\n\n\n\n<p><strong>II. \u00bfQu\u00e9 pasa cuando\u00a0nuestra perrita se pre\u00f1a?<\/strong><\/p>\n\n\n\n<p>El aborto en Argentina es no punible en determinadas situaciones desde 1921: cuando se hace a fin de evitar un peligro para la vida o la salud de la gestante o si se trata de un embarazo producto de violaci\u00f3n o atentados contra el pudor de una \u201cidiota o demente\u201d, seg\u00fan el C\u00f3digo Penal.<\/p>\n\n\n\n<p>Pese a esta larga data, las causales referidas eran recurrentemente vulneradas por equipos m\u00e9dicos u organizaciones autoproclamadas enga\u00f1osamente \u201cpro vida\u201d, y se judicializaban los casos. Para dar claridad a las fallidas interpretaciones, en 2012 la Corte Suprema de Justicia de la Naci\u00f3n dict\u00f3 el fallo FAL, que lleva las iniciales de la madre de una adolescente violada por el padrastro. La determinaci\u00f3n ratifica que en todos los casos de violaci\u00f3n, el aborto es legal y, por tanto, resultan innecesarias e ilegales las judicializaciones, que en definitiva demoran procesos necesitados de rapidez en las intervenciones.<\/p>\n\n\n\n<p>Tras la sesi\u00f3n del 13 de junio de 2019, la C\u00e1mara de Diputados aprob\u00f3 la media sanci\u00f3n del proyecto de Ley de Interrupci\u00f3n Voluntaria del Embarazo: 129 votos a favor. Alianzas entre diputados de diferente signo pol\u00edtico, horizonte, lucha y organizaci\u00f3n feminista son algunas postales dejadas por el primer tramo a un paso de la ley. En t\u00e9rminos generales, el proyecto propon\u00eda garantizar el derecho en todos los casos a la interrupci\u00f3n voluntaria del embarazo, incluso hasta la semana 14 de la gestaci\u00f3n. La expresi\u00f3n p\u00fablica era tal que ya cab\u00eda hablar de la despenalizaci\u00f3n social del aborto.<\/p>\n\n\n\n<p>Entre quienes votaron contra el derecho al aborto se encuentra la diputada por la provincia de Corrientes Estela Regidor. En su exposici\u00f3n compar\u00f3 a las embarazadas con perritas: \u201ca las mascotas nunca las llevar\u00edamos a abortar [\u2026] siempre se sale a ver a qui\u00e9n regalamos los cachorros\u201d.<\/p>\n\n\n\n<p><strong>III. Abortamos hermanadas,\u00a0abortamos en manada<\/strong><\/p>\n\n\n\n<p>En Argentina, la lucha por el aborto legal tiene una extensa genealog\u00eda. Imprescindible mencionar a Las Pioneras, la Campa\u00f1a Nacional por el Derecho al Aborto Legal, Seguro y Gratuito, Lesbianas y Feministas por la Descriminalizaci\u00f3n del Aborto, las Socorristas, Cat\u00f3licas por el Derecho a Decidir, las reunidas en los m\u00e1s de 30 Encuentros Plurinacionales de Mujeres, Lesbianas, Trans, Travestis y no Binarias, los j\u00f3venes de pa\u00f1uelo verde que salieron a la calle con el movimiento Ni una Menos, cuya primera edici\u00f3n fue el 3 de junio de 2015, quedando en la agenda feminista para siempre.<\/p>\n\n\n\n<p>La marea verde que colm\u00f3 los alrededores del Congreso durante los debates de diputadas y senadores, y que particip\u00f3 en las actividades de visibilizaci\u00f3n llevadas a cabo antes y durante el primer tratamiento legislativo, y tras \u00e9l, puede ser pensada como el resultado de ese intercambio generacional que nutri\u00f3 las vidas de todes.<\/p>\n\n\n\n<p>La enorme organizaci\u00f3n que signific\u00f3 la movilizaci\u00f3n por el derecho al aborto legal, seguro y gratuito ampli\u00f3 nuestra ciudadan\u00eda, en el marco de la lucha por la soberan\u00eda y la reivindicaci\u00f3n de la sexualidad como fuente de placer. Logr\u00f3 cuestionar la clandestinidad en los diarios, la televisi\u00f3n, los \u00e1mbitos laborales y educativos. Confirm\u00f3 que la historia era narrada de manera incompleta producto del silencio impuesto sobre el tema, que la competencia que siempre se intenta instalar sobre todo entre identidades feminizadas no es real. Que \u201csalvemos las dos vidas\u201d significa s\u00f3lo disciplinar algunos cuerpos y dotar de impunidad a otros. El aborto sali\u00f3 del cl\u00f3set y el negocio, y la sociedad sali\u00f3 del <em>tupper<\/em>.<\/p>\n\n\n\n<p><strong>IV. Nuestra llama no se apaga m\u00e1s<\/strong><\/p>\n\n\n\n<p>Cuando finalizaba el primer debate en comisiones se cumpl\u00edan 12 a\u00f1os de la muerte de Ana Mar\u00eda Acevedo, en Santa Fe, quien ten\u00eda 19 a\u00f1os y 3 hijos cuando los m\u00e9dicos la dejaron morir: ante el diagn\u00f3stico de c\u00e1ncer en la mand\u00edbula, no le dieron el tratamiento correspondiente porque estaba embarazada. Norma Cuevas, la mam\u00e1, reclam\u00f3 un aborto terap\u00e9utico para salvarla; no se lo practicaron. A las 22 semanas de gestaci\u00f3n le realizaron una ces\u00e1rea. La criatura sobrevivi\u00f3 24 horas, y Ana Mar\u00eda muri\u00f3 d\u00edas despu\u00e9s.<\/p>\n\n\n\n<p>A ese trato deshumanizante le dijimos que no. La hipocres\u00eda de una sociedad que pretende mirar para otro lado cuando se asesinan mujeres en nombre de la moral, cuando ni\u00f1as son violadas, cuando se criminaliza la pobreza, se fue erosionando. Dijimos que no a la exigencia de cumplir el mandato de la maternidad obligatoria.<\/p>\n\n\n\n<p>Es resaltable el car\u00e1cter festivo que recubre la lucha: las muertas, mutiladas y criminalizadas por abortos clandestinos, cr\u00edmenes de Estado, pero la lucha por torcer esos destinos reviste la alegr\u00eda del encuentro, de saber que no estamos solas, de que es un tema de todes. La deuda de la democracia con los cuerpos gestantes ser\u00e1 saldada con la lucha feminista y popular, y reducir de manera colectiva los m\u00e1rgenes del poder represivo supone siempre una fiesta.<\/p>\n\n\n\n<p><strong>V. Nacional, popular,\u00a0democr\u00e1tico y feminista<\/strong><\/p>\n\n\n\n<p>El 10 de diciembre de 2015 asumi\u00f3 el gobierno nacional argentino la alianza Cambiemos. El entonces presidente, Mauricio Macri, manifest\u00f3 que permitir\u00eda el debate sobre el aborto, y despu\u00e9s aclar\u00f3 que est\u00e1 \u201ca favor de la vida\u201d.<\/p>\n\n\n\n<p>La pol\u00edtica de Cambiemos en el gobierno se caracteriz\u00f3 por la transferencia de ingresos de los sectores vulnerables a los m\u00e1s privilegiados y el aumento exponencial de la pobreza, despidos masivos, endeudamiento externo galopante y aumento descontrolado de la inflaci\u00f3n. Algunos ministerios perdieron ese rango y pasaron a ser secretar\u00edas. El primer paro a este gobierno lo hizo el movimiento feminista: travestis, trans, lesbianas y mujeres cis paramos por primera vez el 19 de octubre de 2016; fue el colectivo de mayor gravitaci\u00f3n en t\u00e9rminos de resistencia al embate neoliberal de Cambiemos.<\/p>\n\n\n\n<p>Una de las senadoras que vot\u00f3 a favor del proyecto de Ley de Interrupci\u00f3n Voluntaria del Embarazo en 2019, Cristina Fern\u00e1ndez de Kirchner, fue presidenta de la naci\u00f3n durante dos per\u00edodos: criticada cuando estuvo al frente del Poder Ejecutivo por no saldar la deuda de la democracia con las personas con capacidad de gestar y no propiciar la creaci\u00f3n de una ley de IVE al respecto, se le reconoci\u00f3 por fomentar y sostener desde el Estado pol\u00edticas p\u00fablicas que garantizaron la autonom\u00eda y la equidad de g\u00e9nero.<\/p>\n\n\n\n<p>En su exposici\u00f3n en el Senado, la ex presidenta exhort\u00f3 a incluir en la propuesta nacional popular y democr\u00e1tica la cuesti\u00f3n feminista. Argument\u00f3 haber sido convencida por las miles de j\u00f3venes que hab\u00edan salido a las calles.<\/p>\n\n\n\n<p>En la actualidad, Cristina Fern\u00e1ndez de Kirchner es la vicepresidenta electa por el Frente de Todes. El nuevo gobierno, al mando de Alberto Fern\u00e1ndez, devolvi\u00f3 el rango de ministerio a los asuntos de salud y cre\u00f3 el Ministerio de las Mujeres, G\u00e9neros y Diversidad, entre otras medidas relevantes. El actual presidente y los funcionarios a cargo de ambas carteras se han manifestado a favor de una pol\u00edtica que universalice el acceso a la salud p\u00fablica y garantice la equidad de g\u00e9nero.<\/p>\n\n\n\n<p>La memoria es ese ejercicio a partir del cual construimos presente y futuro resignificando el pasado. El presente es feminista, y el Estado nos debe la reparaci\u00f3n de una violencia sistem\u00e1tica que ejerci\u00f3 sobre nuestros cuerpos y subjetividades garantizando un derecho postergado. Que sea ley.<\/p>\n","protected":false},"excerpt":{"rendered":"<p>Por el aborto legal en Argentina I. No est\u00e1 bien, est\u00e1 mal El final del primer recorrido legislativo es conocido: en Argentina, tras la sesi\u00f3n del 8 de agosto de 2019, el Senado de la Naci\u00f3n rechaz\u00f3 el proyecto de Ley de Interrupci\u00f3n Voluntaria del Embarazo, que contaba con media sanci\u00f3n de la C\u00e1mara de &#8230; <a title=\"ANTES QUE HIST\u00c9RICAS, HIST\u00d3RICAS\" class=\"read-more\" href=\"https:\/\/revistamemoria.mx\/?p=2902\" aria-label=\"Leer m\u00e1s sobre ANTES QUE HIST\u00c9RICAS, HIST\u00d3RICAS\">Leer m\u00e1s<\/a><\/p>\n","protected":false},"author":221,"featured_media":0,"comment_status":"closed","ping_status":"closed","sticky":false,"template":"","format":"standard","meta":{"footnotes":""},"categories":[167],"tags":[168],"class_list":["post-2902","post","type-post","status-publish","format-standard","hentry","category-emergencia-feminista","tag-feminismo"],"_links":{"self":[{"href":"https:\/\/revistamemoria.mx\/index.php?rest_route=\/wp\/v2\/posts\/2902","targetHints":{"allow":["GET"]}}],"collection":[{"href":"https:\/\/revistamemoria.mx\/index.php?rest_route=\/wp\/v2\/posts"}],"about":[{"href":"https:\/\/revistamemoria.mx\/index.php?rest_route=\/wp\/v2\/types\/post"}],"author":[{"embeddable":true,"href":"https:\/\/revistamemoria.mx\/index.php?rest_route=\/wp\/v2\/users\/221"}],"replies":[{"embeddable":true,"href":"https:\/\/revistamemoria.mx\/index.php?rest_route=%2Fwp%2Fv2%2Fcomments&post=2902"}],"version-history":[{"count":1,"href":"https:\/\/revistamemoria.mx\/index.php?rest_route=\/wp\/v2\/posts\/2902\/revisions"}],"predecessor-version":[{"id":2903,"href":"https:\/\/revistamemoria.mx\/index.php?rest_route=\/wp\/v2\/posts\/2902\/revisions\/2903"}],"wp:attachment":[{"href":"https:\/\/revistamemoria.mx\/index.php?rest_route=%2Fwp%2Fv2%2Fmedia&parent=2902"}],"wp:term":[{"taxonomy":"category","embeddable":true,"href":"https:\/\/revistamemoria.mx\/index.php?rest_route=%2Fwp%2Fv2%2Fcategories&post=2902"},{"taxonomy":"post_tag","embeddable":true,"href":"https:\/\/revistamemoria.mx\/index.php?rest_route=%2Fwp%2Fv2%2Ftags&post=2902"}],"curies":[{"name":"wp","href":"https:\/\/api.w.org\/{rel}","templated":true}]}}