{"id":3032,"date":"2020-07-09T18:04:18","date_gmt":"2020-07-10T00:04:18","guid":{"rendered":"http:\/\/revistamemoria.mx\/?p=3032"},"modified":"2020-07-09T18:04:21","modified_gmt":"2020-07-10T00:04:21","slug":"en-las-entranas-de-la-bestia-amlo-en-la-casa-blanca","status":"publish","type":"post","link":"https:\/\/revistamemoria.mx\/?p=3032","title":{"rendered":"EN LAS ENTRA\u00d1AS DE LA BESTIA: AMLO EN LA CASA BLANCA"},"content":{"rendered":"\n<p>La visita del presidente L\u00f3pez Obrador a Estados Unidos a la mitad de la pandemia del Covid-19 gener\u00f3 una avalancha de cr\u00edticas de derecha a izquierda en M\u00e9xico y en lo que pasa por izquierda sin serlo en Estados Unidos. Se entiende tambi\u00e9n, desde un contexto estadounidense, que la respuesta esperada por el ala activista del liberalismo norteamericano haya sido la de no reunirse con el presidente Trump y de cierta manera negarle legitimidad. Aun as\u00ed, el rega\u00f1o suena vac\u00edo frente a las razones de un inter\u00e9s nacional que obligan al presidente de M\u00e9xico a buscar un entendimiento con quien dirija a su poderoso vecino. Al leer los amargos reproches de parte de la di\u00e1spora el coraz\u00f3n se rompe, pero como muchas cosas que pasan, la verdad es que el sentido real del mensaje se pierde en la traducci\u00f3n.<\/p>\n\n\n\n<p>Es en ese contexto que las izquierdas mexicanas se enfrentan a la penosa necesidad de tratar de entender que la pol\u00edtica estadounidense no se ajusta a nuestros par\u00e1metros ideol\u00f3gicos. Sobre todo, porque de otra manera no entender\u00edamos la fuerte simpat\u00eda de nuestras derechas al \u201cliberalismo\u201d norteamericano, incluyendo su aparente ceguera frente a su defensa de la agenda de derechos que tanto ruido les hace en M\u00e9xico. Acaso el gran error de un sector del \u201cprogresismo\u201d mexicano es no entender que el ala derecha y el centro del partido Dem\u00f3crata no son los \u201camigos\u201d de la izquierda mexicana por m\u00e1s que su agenda social corresponda al horizonte de sus aspiraciones. No es lo mismo ser fan de un equipo que jugar en \u00e9l.<\/p>\n\n\n\n<p>Nadie puede llamarse a enga\u00f1o con la pol\u00edtica reciente del partido Republicano, aunque hasta el segundo Bush siempre hubo la presencia de un peque\u00f1o sector \u201chispano\u201d en sus filas. Est\u00e1 de m\u00e1s decir que los agravios y recelos son fundados, pero a diferencia de lidiar con los halcones liberales, los conservadores norteamericanos contempor\u00e1neos est\u00e1n concentrados en sus asuntos internos. Para el inter\u00e9s nacional lo m\u00e1s conveniente es que nos dejen solos. Incluso es una mejora lidiar con la amenaza directa de afectar los intereses comerciales mexicanos que hacer frente a los medios de presi\u00f3n suave ejercidos a trav\u00e9s de los fondos a ONGs del Departamento de Estado, como en las administraciones Dem\u00f3cratas. Se agradece que la relaci\u00f3n sea clara en vez de ocultarla con palabras dulces.&nbsp;<\/p>\n\n\n\n<p>Al final del d\u00eda, la soluci\u00f3n de los problemas generados por nuestros vecinos pasa porque el propio pueblo estadounidense los arregle. Podemos mirar con admiraci\u00f3n y esperanza la movilizaci\u00f3n por la justicia racial y la constante lucha de su pueblo por hacer realidad los principios democr\u00e1ticos que inspiran su constituci\u00f3n, pero hasta ahora, lo que sucede en las calles s\u00f3lo tiene un p\u00e1lido reflejo en las urnas. Para nuestra desgracia, poco podemos esperar de ellos, despu\u00e9s de todo en la boleta tendremos a Biden y no a Sanders. En esas condiciones, la pol\u00edtica exterior debe mantenerse igual: a una prudente distancia frente a un vecino que no ser\u00e1 amistoso.&nbsp;<\/p>\n\n\n\n<p>Si en un ataque de furia justiciera leemos a Le\u00f3n Krauze como un moderno Zola es que a\u00fan tenemos coraz\u00f3n para o\u00edr a las comunidades que se han visto afectadas por el recrudecimiento de las pol\u00edticas migratorias y el embate a los derechos reproductivos. Y sin embargo, eso nos llevar\u00eda a olvidar que fue con Obama, y su vicepresidente Biden, que las deportaciones masivas comenzaron. Eso sin tomar en cuenta que en los Estados Unidos lo que sucede en M\u00e9xico tiene menos peso en el imaginario pol\u00edtico y en las decisiones de los votantes reales que los eventos en Inglaterra, China o el Medio Oriente.&nbsp;No es coincidencia que para encontrar una nota con m\u00e1s de dos p\u00e1rrafos sobre la visita haya que escarbar el final de la secci\u00f3n de pol\u00edtica en los portales de noticias norteamericanos. Esos portales que s\u00f3lo una min\u00fascula fracci\u00f3n de la poblaci\u00f3n lee.&nbsp;<\/p>\n\n\n\n<p>Ahora que los intereses econ\u00f3micos y pol\u00edticos de las elites binacionales se ven afectados por el resurgimiento del nacionalismo econ\u00f3mico es que por fin vemos a ese sector \u201cilustrado\u201d defender la preservaci\u00f3n del medio ambiente y los derechos de los migrantes. El problema no est\u00e1 en que esas loables causas no merezcan a tan notables aliados, sino que las categor\u00edas generales ocultan una defensa de clase donde hay siempre unos m\u00e1s iguales que otros. No es lo mismo quejarse por la odiosa pol\u00edtica que convierte a M\u00e9xico en muro para los centroamericanos que levantar la voz ante nuevas restricciones a las visas para altos ejecutivos y estudiantes de escuelas de elite. De ah\u00ed que sea poco cre\u00edble la apasionada defensa de la \u201cdignidad\u201d nacional para rechazar los nuevos mecanismos de defensa a la libertad sindical que impone el T-MEC. Sobre todo, si esas reacciones vienen de los mismos que se niegan a pagar impuestos, o a las primeras de cambio cancelan la inscripci\u00f3n de sus trabajadores al Seguro Social.&nbsp;Gritar tres vivas a M\u00e9xico en la Casa Blanca es una peque\u00f1a satisfacci\u00f3n simb\u00f3lica que significa algo al sur del r\u00edo Bravo, pero que ning\u00fan medio masivo report\u00f3 en Estados Unidos. Pensar que habr\u00e1 un uso instrumental de la visita es no entender al votante norteamericano y mucho menos comprender el grado de desconexi\u00f3n de la mayor\u00eda de nuestra di\u00e1spora con la pol\u00edtica mexicana y eso si no caemos en el error de pensar en la existencia de un voto \u201clatino\u201d homog\u00e9neo. Esos son el tipo de errores recurrentes de las elites liberales con acceso a medios en ambos lados de la frontera, pero que las izquierdas mexicanas no pueden darse el lujo de cometer.<\/p>\n","protected":false},"excerpt":{"rendered":"<p>La visita del presidente L\u00f3pez Obrador a Estados Unidos a la mitad de la pandemia del Covid-19 gener\u00f3 una avalancha de cr\u00edticas de derecha a izquierda en M\u00e9xico y en lo que pasa por izquierda sin serlo en Estados Unidos. Se entiende tambi\u00e9n, desde un contexto estadounidense, que la respuesta esperada por el ala activista &#8230; <a title=\"EN LAS ENTRA\u00d1AS DE LA BESTIA: AMLO EN LA CASA BLANCA\" class=\"read-more\" href=\"https:\/\/revistamemoria.mx\/?p=3032\" aria-label=\"Leer m\u00e1s sobre EN LAS ENTRA\u00d1AS DE LA BESTIA: AMLO EN LA CASA BLANCA\">Leer m\u00e1s<\/a><\/p>\n","protected":false},"author":209,"featured_media":0,"comment_status":"closed","ping_status":"closed","sticky":false,"template":"","format":"standard","meta":{"footnotes":""},"categories":[25,213],"tags":[18],"class_list":["post-3032","post","type-post","status-publish","format-standard","hentry","category-mexico","category-coyuntura","tag-amlo"],"_links":{"self":[{"href":"https:\/\/revistamemoria.mx\/index.php?rest_route=\/wp\/v2\/posts\/3032","targetHints":{"allow":["GET"]}}],"collection":[{"href":"https:\/\/revistamemoria.mx\/index.php?rest_route=\/wp\/v2\/posts"}],"about":[{"href":"https:\/\/revistamemoria.mx\/index.php?rest_route=\/wp\/v2\/types\/post"}],"author":[{"embeddable":true,"href":"https:\/\/revistamemoria.mx\/index.php?rest_route=\/wp\/v2\/users\/209"}],"replies":[{"embeddable":true,"href":"https:\/\/revistamemoria.mx\/index.php?rest_route=%2Fwp%2Fv2%2Fcomments&post=3032"}],"version-history":[{"count":1,"href":"https:\/\/revistamemoria.mx\/index.php?rest_route=\/wp\/v2\/posts\/3032\/revisions"}],"predecessor-version":[{"id":3033,"href":"https:\/\/revistamemoria.mx\/index.php?rest_route=\/wp\/v2\/posts\/3032\/revisions\/3033"}],"wp:attachment":[{"href":"https:\/\/revistamemoria.mx\/index.php?rest_route=%2Fwp%2Fv2%2Fmedia&parent=3032"}],"wp:term":[{"taxonomy":"category","embeddable":true,"href":"https:\/\/revistamemoria.mx\/index.php?rest_route=%2Fwp%2Fv2%2Fcategories&post=3032"},{"taxonomy":"post_tag","embeddable":true,"href":"https:\/\/revistamemoria.mx\/index.php?rest_route=%2Fwp%2Fv2%2Ftags&post=3032"}],"curies":[{"name":"wp","href":"https:\/\/api.w.org\/{rel}","templated":true}]}}