{"id":3336,"date":"2021-05-19T20:01:37","date_gmt":"2021-05-20T02:01:37","guid":{"rendered":"http:\/\/revistamemoria.mx\/?p=3336"},"modified":"2021-05-19T20:41:23","modified_gmt":"2021-05-20T02:41:23","slug":"el-desafio-electoral-en-las-intermedias-de-2021-el-panorama-politico-mexicano-y-los-retos-de-la-4t","status":"publish","type":"post","link":"https:\/\/revistamemoria.mx\/?p=3336","title":{"rendered":"EL DESAF\u00cdO ELECTORAL EN LAS INTERMEDIAS DE 2021: EL PANORAMA POL\u00cdTICO MEXICANO Y LOS RETOS DE LA 4T"},"content":{"rendered":"\n<p>A\u00fan es temprano para advertir si M\u00e9xico llega tarde a una ola de transformaci\u00f3n pol\u00edtica y social iniciada en Am\u00e9rica Latina en 1999 luego del ascenso de Hugo Ch\u00e1vez al poder en Venezuela o si, por el contrario, es el iniciador de una nueva etapa que se habr\u00e1 de caracterizar por la puesta en marcha de ambiciosas transformaciones sociales que si bien no pueden proponerse renunciar al sistema capitalista, el cual valga la pena se\u00f1alar experimenta una fase de extrema concentraci\u00f3n de la riqueza, de despojo y superexplotaci\u00f3n y se acompa\u00f1a adem\u00e1s de una salvaje extracci\u00f3n de los recursos naturales y del constante deterioro del planeta entero, si pueden colocar como prioridad y, de hecho lo hacen, la recomposici\u00f3n del tejido social y la reorganizaci\u00f3n de una econom\u00eda nacional devastada por el avance de las pol\u00edticas neoliberales que comenzaron a ser aplicadas desde finales de la d\u00e9cada de los setenta y principios de los ochenta.<\/p>\n\n\n\n<p>Obrador gobierna M\u00e9xico en un contexto de polarizaci\u00f3n externa e interna; la primera, una polarizaci\u00f3n que desde los grandes medios masivos nacionales y la oposici\u00f3n se tiende a invisibilizar. Una r\u00e1pida mirada hacia Am\u00e9rica Latina, por ejemplo, nos permite dar cuenta de que en d\u00edas recientes Iv\u00e1n Duque debi\u00f3 dar marcha atr\u00e1s a una reforma tributaria leonina no sin antes utilizar toda la fuerza del Estado para reprimir violentamente las protestas de la sociedad colombiana; el pr\u00f3ximo 6 de junio, en Per\u00fa se enfrentar\u00e1n en una segunda vuelta de elecciones para las presidenciales la candidata Keiko Fujimori, representante del ala conservadora, y el candidato Pedro Castillo, un maestro rural que se encuentra arriba en las encuestas y que se ha colocado como una amenaza para el&nbsp;<em>estatus quo<\/em>&nbsp;de la pol\u00edtica peruana; recientemente, en Ecuador la derecha se posicion\u00f3 nuevamente en el poder con el triunfo de Guillermo Lasso, tras haber derrotado al corre\u00edsta Andr\u00e9s Arauz el pasado 11 de abril. Si vamos un poco m\u00e1s atr\u00e1s habr\u00e1 que referir la inestabilidad pol\u00edtica que ha enfrentado Bolivia en gran parte alimentada desde una derecha \u201cgolpista\u201d y sin proyecto que act\u00faa abiertamente como lacaya del imperialismo yanqui; as\u00ed como la amplia mayor\u00eda chilena que tom\u00f3 las calles para lograr una Constituyente que, justamente, en estos meses habr\u00e1 de redactar una nueva constituci\u00f3n.<\/p>\n\n\n\n<p>La polarizaci\u00f3n en M\u00e9xico no es pues producto del discurso binario de \u201cliberales\u201d versus \u201cconservadores\u201d que tanto se le ha recriminado al actual mandatario, sino m\u00e1s bien del estado de putrefacci\u00f3n en el que se encuentra el sistema capitalista a escala planetaria. Su insistente tendencia hacia la acumulaci\u00f3n de riqueza se ha vuelto insostenible para garantizar por la v\u00eda de los sistemas democr\u00e1ticos su continuidad; las temidas mayor\u00edas hist\u00f3ricamente oprimidas y explotadas se han dado cuenta de la potencialidad de esta forma de gobierno para encaminar las ya impostergables y necesarias transformaciones sociales.<\/p>\n\n\n\n<p>Pero la crisis no es de generaci\u00f3n espont\u00e1nea, la historia de la miseria y el subdesarrollo en Am\u00e9rica Latina ha sido parte sustantiva del desarrollo del capitalismo mundial, la prosperidad de otros se ha alimentado de la pobreza latinoamericana, como se\u00f1alaba Galeano, \u201cEl sistema es muy racional desde el punto de vista de sus due\u00f1os extranjeros y de nuestra burgues\u00eda de comisionistas, que ha vendido el alma al Diablo a un precio que hubiera avergonzado a Fausto. Pero el sistema es tan irracional para todos los dem\u00e1s, que cuanto m\u00e1s se desarrolla m\u00e1s agudiza sus desequilibrios y sus tensiones, sus contradicciones ardientes\u201d.<a href=\"applewebdata:\/\/46D1D02D-9F03-4B7A-AA53-39CE9BFD9AEF#_ftn1\"><sup>[1]<\/sup><\/a>&nbsp;En el caso de M\u00e9xico, es justamente esta \u201cburgues\u00eda de comisionistas\u201d la que no s\u00f3lo no parece darse cuenta de la irracionalidad del sistema capitalista, sino que adem\u00e1s parece ser la \u00fanica para la que resulta racional realizar una defensa del mismo.<\/p>\n\n\n\n<p><strong>\u201cPrimero los pobres\u201d<\/strong><\/p>\n\n\n\n<p>Andr\u00e9s Manuel L\u00f3pez Obrador lleg\u00f3 al poder con un amplio respaldo popular, pero se agregaron a \u00e9ste otros factores hist\u00f3rico-pol\u00edticos que le colocaron como la opci\u00f3n menos mala para otros sectores de la poblaci\u00f3n. El neoliberalismo aplicado a lo largo y ancho de la regi\u00f3n latinoamericana no s\u00f3lo trajo como consecuencia la debacle econ\u00f3mica y la ampliaci\u00f3n de la brecha de pobreza, en el caso de M\u00e9xico este proyecto aceler\u00f3 tambi\u00e9n la descomposici\u00f3n del tejido social, potencializando la corrupci\u00f3n y la violencia. En aquellas elecciones, las de 2018, una polarizaci\u00f3n entre los muchos descontentos y los muy pocos beneficiados de la situaci\u00f3n social, pol\u00edtica y econ\u00f3mica vigente en el pa\u00eds fue la que defini\u00f3 el triunfo de Andr\u00e9s Manuel.<\/p>\n\n\n\n<p>Al expresar su voto, muchos de los ciudadanos desoyeron el mensaje que L\u00f3pez Obrador hab\u00eda venido sosteniendo desde la primera vez que fue candidato a la presidencia de nuestro pa\u00eds en 2006 o quiz\u00e1 incluso desde mucho antes en su ya larga trayectoria pol\u00edtica, \u201cprimero los pobres\u201d. El candidato, igualmente, logr\u00f3 aglutinar una multiplicidad de fuerzas pol\u00edticas alrededor de este lema, pero igualmente no repararon en el mismo o consideraron, como ya se hab\u00eda hecho costumbre en la pol\u00edtica mexicana, que \u00e9ste se reduc\u00eda a una mera ret\u00f3rica utilizada con fines electorales.<\/p>\n\n\n\n<p>A dos a\u00f1os de su gobierno, se acusa constantemente al presidente de la Rep\u00fablica de polarizar a la sociedad mexicana, pero lo cierto es que la sociedad se encontraba polarizada desde hac\u00eda ya muchos a\u00f1os en t\u00e9rminos no s\u00f3lo ideol\u00f3gicos, sino tambi\u00e9n y m\u00e1s preocupante a\u00fan en t\u00e9rminos materiales. Aqu\u00e9llos pol\u00edticos y empresarios beneficiados del sistema enceguecidos quiz\u00e1 por su propia opulencia y el amplio margen de impunidad bajo el que actuaban para continuar enriqueciendo sus bolsillos personales, en muchas ocasiones, a costa de las arcas del Estado mexicano, quiz\u00e1 les imped\u00eda observar la situaci\u00f3n en la que viv\u00edan m\u00e1s de 60 millones de mexicanos.<\/p>\n\n\n\n<p>Para Andr\u00e9s Manuel en cambio, \u201cprimero los pobres\u201d significaba justo eso, colocar como objetivo fundamental de su gobierno resolver los problemas de subsistencia que enfrenta todos los d\u00edas el m\u00e1s amplio sector de la poblaci\u00f3n, condici\u00f3n que L\u00f3pez Obrador conoce a profundidad no s\u00f3lo porque ha recorrido el pa\u00eds de \u201ccabo a rabo\u201d sin omitir y por el contrario privilegiar aquellas realidades que la clase pol\u00edtica y gobernante hab\u00eda simplemente dejado en el olvido, sino tambi\u00e9n porque no le resultan ajenos ni a nivel profesional ni personal. As\u00ed, hasta ahora su gobierno se ha mantenido trabajando para los pobres y es alrededor de este objetivo que se articula el resto de las pol\u00edticas y acciones que definen su plan de trabajo; se aleja as\u00ed del modelo tradicional del pol\u00edtico mexicano y, a su vez, evidencia que la soluci\u00f3n a muchos de los problemas que enfrenta nuestro pa\u00eds en realidad si dependen de la voluntad pol\u00edtica del gobernante.<\/p>\n\n\n\n<p>Todo parece indicar que aquellos sectores de la poblaci\u00f3n mexicana que emitieron su voto por hartazgo y no por coincidencia en t\u00e9rminos ideol\u00f3gicos con el proyecto de Andr\u00e9s Manuel, finalmente, cayeron en la cuenta de que para \u00e9l resolver el problema de la pobreza es la punta de lanza para impulsar el desarrollo de la econom\u00eda y no a la inversa. En cuanto a la vieja y desgastada elite pol\u00edtica, acostumbrada a llamar a la mayor\u00eda para fines electorales y olvidarse de ella durante el ejercicio gubernamental, se muestra dispuesta a cualquier cosa no s\u00f3lo para demostrar que L\u00f3pez Obrador no es diferente a ellos, sino tambi\u00e9n para recuperar aquellos privilegios y amplios m\u00e1rgenes de impunidad bajo los que gobernaban. Pero abajo, hacia donde los grandes medios de comunicaci\u00f3n y la rancia oligarqu\u00eda mexicana insisten no mirar, los programas sociales y las estrategias que promueven la recomposici\u00f3n del tejido social, a pesar de la pandemia, contin\u00faan en movimiento y eso es una verdad incontestable para el pueblo, de ah\u00ed que su popularidad se mantenga estable contra todo pron\u00f3stico de la oposici\u00f3n.<\/p>\n\n\n\n<p><strong>La lucha contra la corrupci\u00f3n<\/strong><\/p>\n\n\n\n<p>Otro de los ejes que desde el inicio ha impulsado al gobierno de L\u00f3pez Obrador ha sido el de la lucha contra la corrupci\u00f3n. Al respecto, las cr\u00edticas tanto de una izquierda radicalizada como de una ultraderecha desplazada, parecen coincidir en que este gobierno es igual a los anteriores y que la lucha contra la corrupci\u00f3n no va m\u00e1s all\u00e1 de un argumento ret\u00f3rico, lo cual evidencia en la primera una ceguera anal\u00edtica y en la segunda una c\u00ednica e incongruente defensa de los gobiernos anteriores bajo el argumento de que el actual es tan corrupto como aquellos.<\/p>\n\n\n\n<p>Pero ya varias cloacas han sido destapadas. La primera fue la de Pemex, recordemos que la estrategia aplicada por el gobierno federal para combatir el robo de gasolina en enero de 2019 gener\u00f3 un desabasto transicional durante algunos d\u00edas, la medida fue, por supuesto, duramente criticada por los opositores al gobierno, defendiendo por ejemplo y como uno podr\u00eda imaginarse derechos individuales, en contrapartida se ha decidido ignorar que hasta finales del a\u00f1o pasado \u00e9sta le habr\u00eda garantizado a la paraestatal un ahorro de cerca de 70 mil millones de pesos por a\u00f1o; si, esa paraestatal que los gobiernos hab\u00edan querido desaparecer bajo el argumento de que era improductiva.<\/p>\n\n\n\n<p>A Pemex le siguieron las prisiones, cuyo costo para el erario por cada presidiario en algunos casos ascend\u00eda a 3, 500 pesos por d\u00eda; los fideicomisos, en donde destaca el caso de Conacyt pues operaban cerca de 90 fideicomisos que en realidad no beneficiaban a los artistas, cient\u00edficos o deportistas, sino a las grandes empresas; y, bajo el contexto de la pandemia, no podemos dejar de mencionar al sector salud en donde ha destacado la corrupci\u00f3n sobre todo en la venta y aplicaci\u00f3n de los medicamentos. Pero la lista de instituciones que hay que limpiar es larga y los seis a\u00f1os de gobierno, dif\u00edcilmente, dar\u00e1n tiempo suficiente para logarlo; la diferencia es que los esfuerzos por combatir este gran c\u00e1ncer que ha afectado hist\u00f3ricamente a la sociedad mexicana se han comenzado a realizar y en algunos de los casos ha rendido sus frutos.<\/p>\n\n\n\n<p>En esta misma l\u00ednea no se puede dejar de se\u00f1alar la verdadera persecuci\u00f3n del delito en la funci\u00f3n p\u00fablica que ha sido impulsada tambi\u00e9n desde el gobierno federal, comenzando porque ha vuelto ya a clasificar el delito de corrupci\u00f3n como grave, una clasificaci\u00f3n que hab\u00eda sido reformada por el gobierno de Carlos Salinas de Gortari. Podemos mencionar al menos el caso \u201cLozoya\u201d, en el cual se han evidenciado los sobornos que fueron otorgados a legisladores para que durante el gobierno de Enrique Pe\u00f1a Nieto fuera aprobada la reforma energ\u00e9tica; est\u00e1 tambi\u00e9n el de la \u201cEstafa Maestra\u201d, por la cual Rosario Robles fue encarcelada por un esc\u00e1ndalo de corrupci\u00f3n que habr\u00eda involucrado la defraudaci\u00f3n de m\u00e1s de 7 mil millones de pesos en recursos p\u00fablicos; o bien, el caso de Genaro Garc\u00eda Luna, quien fuera la mano derecha del ex mandatario Felipe Calder\u00f3n en su supuesta lucha contra el narcotr\u00e1fico, y que se ha convertido en el primer ex secretario mexicano a nivel federal procesado por narcotr\u00e1fico.&nbsp;<\/p>\n\n\n\n<p>Pero, de nuevo, la lista es larga y no hay espacio aqu\u00ed para mencionar todos y cada uno de los procesos iniciados por este gobierno, lo que si cabe se\u00f1alar es que desde la Fiscal\u00eda General de la Rep\u00fablica se ha realizado un verdadero trabajo de investigaci\u00f3n, cuyos resultados efectivos, desafortunadamente, no dependen de ella sino del Poder Judicial de la Federaci\u00f3n que es el encargado de impartir justicia, pero aqu\u00ed, de nuevo, se enfrenta el grave problema de la corrupci\u00f3n, ya que la impartici\u00f3n de la justicia no es imparcial sino que depende del tama\u00f1o de los intereses que se trastoquen, o bien, del tama\u00f1o del soborno del que se hable, en este sentido, de inmediato saltan nuestras suspicacias para explicarnos la inesperada renuncia del juez de la Suprema Corte de Justicia, Andr\u00e9s Medina Mora, a finales de 2019, un caso \u00fanico en la historia de nuestro pa\u00eds.<\/p>\n\n\n\n<p><strong>MORENA y la 4T<\/strong><\/p>\n\n\n\n<p>Los \u201cchairos\u201d, \u201cborregos, mal pagados y sin futuro\u201d, a decir de la actriz Laura Zapata, en t\u00e9rminos electorales representaron 30 millones 113,483 sufragios para la coalici\u00f3n \u201cJuntos Haremos Historia\u201d con respecto a los 56 millones 611,027 de votos que fueron emitidos durante la contienda electoral del 2018. Varios elementos hay que tomar en cuenta con respecto a esta elecci\u00f3n: Enrique Pe\u00f1a Nieto hab\u00eda ganado en las elecciones anteriores con poco m\u00e1s de 19 millones de votos; el porcentaje de votaci\u00f3n se increment\u00f3 en estas elecciones en un 12%; y, los resultados para la nueva oposici\u00f3n fueron, simplemente, desastrosos, casi 13 millones de votos para Ricardo Anaya con la coalici\u00f3n \u201cPor M\u00e9xico al Frente\u201d y poco m\u00e1s de 9 millones para el candidato de \u201cTodos por M\u00e9xico\u201d, Jos\u00e9 Antonio Meade.<\/p>\n\n\n\n<p>Hemos se\u00f1alado que el triunfo de L\u00f3pez Obrador obedeci\u00f3 tambi\u00e9n al arrastre que tuvo el hartazgo de la gente frente a la violencia y la corrupci\u00f3n, sin embargo, a\u00fan restando estos votos, la mayor\u00eda \u201cchaira\u201d parece ser que se expres\u00f3 como una aplanadora. La raz\u00f3n, quiz\u00e1, el Movimiento de Regeneraci\u00f3n Nacional. Morena, recordemos, antes que partido fue y es movimiento social, un movimiento social que acompa\u00f1\u00f3 a Andr\u00e9s Manuel en su largo camino hacia la presidencia; recibi\u00f3 este nombre hasta octubre de 2011, marcando el rumbo hacia a las presidenciales de 2012; se convirti\u00f3 en asociaci\u00f3n civil en noviembre de 2012; y se habr\u00eda de consolidar como partido s\u00f3lo hasta julio de 2014.<\/p>\n\n\n\n<p>L\u00f3pez Obrador no es entonces el t\u00edpico caudillo progresista latinoamericano como se suele advertir constantemente, es s\u00f3lo el rostro o si se quiere la cabeza de un importante movimiento social; si bien Obrador ha logrado ganarse la simpat\u00eda de gran parte de la poblaci\u00f3n, lleg\u00f3 al poder respaldado tambi\u00e9n en un amplio movimiento social que, al menos, comparte identidad, organizaci\u00f3n y una orientaci\u00f3n que busca intervenir de manera concreta en la realidad; este movimiento social tambi\u00e9n expresa un principio de solidaridad colectiva, posee redes de interacci\u00f3n con la comunidad y encuentra en la participaci\u00f3n colectiva un impulso de cambio y transformaci\u00f3n social.<\/p>\n\n\n\n<p>Visto as\u00ed, Morena el partido, es s\u00f3lo un mecanismo que facilit\u00f3 la toma del poder. Al d\u00eda de hoy, el partido es una cosa y el movimiento social es otra muy distinta. En el primero, observamos a los grupos y l\u00edderes reconocidos enfrentados en una lucha feroz por cotos de poder y recursos, en muchos de los casos, al m\u00e1s puro estilo pri\u00edsta de anta\u00f1o. En el segundo, que se visualiza mejor si se consideran instancias como la del Instituto Nacional de Formaci\u00f3n Pol\u00edtica y que, a pesar de compartir el presupuesto del partido, opera de una manera completamente distinta, se rescata no s\u00f3lo la necesidad de formar pol\u00edticamente a las bases, sino que tambi\u00e9n se impulsa la solidaridad y la participaci\u00f3n colectiva de la sociedad.&nbsp;<\/p>\n\n\n\n<p>Pese a todo, hace falta trabajo de base, a\u00fan no vemos en M\u00e9xico el nacimiento de alguna experiencia similar y con los alcances logrados, por ejemplo, en los consejos comunales de Venezuela, o bien, por las diversas formas de organizaci\u00f3n social, que incluyen a medios comunitarios y alternativos, alrededor de las cuales se han articulado las iniciativas progresistas en Am\u00e9rica Latina.&nbsp;<\/p>\n\n\n\n<p>Si, Morena, el partido, no advierte que el pueblo, el movimiento social y el ciudadano de a pie observan en la 4T un proyecto de largo aliento que va mucho m\u00e1s all\u00e1 de los cortoplacismos que implica la vida electoral, corre el peligro de quedarse en ese mero instrumento que si bien viabiliza la toma del poder no es capaz de asumir con seriedad los retos que implica impulsar esta \u201cCuarta Transformaci\u00f3n\u201d y, por tanto, vaciarse de ese movimiento social que es en realidad la sustancia activa de la misma, con el agravante de quedar evidenciado como un partido m\u00e1s del mont\u00f3n, fortaleciendo la tesis que ha sido repetida hasta el cansancio de que en M\u00e9xico hay m\u00e1s \u201clopezobradoristas\u201d que \u201cmorenistas\u201d, siendo Obrador entonces un caudillo m\u00e1s que atrae multitudes y no un individuo que camina de la mano de un pueblo consciente, organizado, activo, politizado y participativo.<\/p>\n\n\n\n<p><strong>La oposici\u00f3n<\/strong><\/p>\n\n\n\n<p>La primera pregunta que hay que responder es de qu\u00e9 oposici\u00f3n estamos hablando. La hemos ido dibujando poco a poco a lo largo de este ensayo, sin embargo, vale la pena detenerse un poco en el an\u00e1lisis. Tras la humillaci\u00f3n que sufrieron el PAN y el PRI en las pasadas elecciones, estos partidos que protagonizaron la vida pol\u00edtica en las \u00faltimas d\u00e9cadas de la historia de nuestro pa\u00eds, a pesar de sus marcadas diferencias en t\u00e9rminos ideol\u00f3gicos, pr\u00e1cticamente han funcionado como una sola fuerza pol\u00edtica que se articula en la lucha contra L\u00f3pez Obrador. Los golpes pol\u00edticos que \u00e9sta ha recibido tras los esc\u00e1ndalos de corrupci\u00f3n que han sido destapados a lo largo de este sexenio, parece que han sentenciado a muerte a esta ahora llamada \u201coposici\u00f3n\u201d que no s\u00f3lo ha evidenciado que carece de proyecto pol\u00edtico, sino que tambi\u00e9n se muestra poco creativa a la hora de intentar hacer frente a las acciones y pol\u00edticas implementadas por el actual mandatario.<\/p>\n\n\n\n<p>Esta \u201coposici\u00f3n\u201d no s\u00f3lo se compone de la vieja elite pol\u00edtica que ocupaba el poder, alrededor de ella se articulan tambi\u00e9n empresarios que han visto mermados sus intereses y que incluso se han visto involucrados en los m\u00faltiples esc\u00e1ndalos de corrupci\u00f3n, cuenta adem\u00e1s con el respaldo incondicional de los grandes grupos medi\u00e1ticos del pa\u00eds. A pesar del poder que concentran y de los amplios recursos que poseen para golpetear de manera continua al gobierno federal, sus estrategias se han caracterizado por una falta de creatividad y una pobreza argumentativa que les ha impedido romper el aislamiento social que sembraron mientras fueron los due\u00f1os del poder de manera que gritan y gritan muy fuerte, pero son pocos los que les escuchan y eso no sirve de mucho, al menos, para fines electorales.<\/p>\n\n\n\n<p>Adem\u00e1s, esta nueva \u201coposici\u00f3n\u201d no se ha comportado de manera muy distinta al resto de las derechas en Am\u00e9rica Latina, la raz\u00f3n podemos encontrarla en que se ci\u00f1en al manual que hist\u00f3ricamente ha recetado el imperialismo estadounidense para curar los males de soberan\u00eda que suelen afectar a algunos pa\u00edses de la regi\u00f3n. En este sentido, cabe destacar que L\u00f3pez Obrador no ha sido innovador, \u00fanicamente se ha limitado a recuperar los preceptos constitucionales que hist\u00f3ricamente han dado sustento a la pol\u00edtica exterior mexicana: el derecho a la autodeterminaci\u00f3n de los pueblos, la no intervenci\u00f3n y la soluci\u00f3n pac\u00edfica de las controversias internacionales. Pero es esto, justamente, lo que contraviene la principal estrategia que ha aplicado la oposici\u00f3n, al recurrir a los financiamientos externos que gustosamente ciertos organismos dependientes del Departamento de Estado de los Estados Unidos, como la Agencia Internacional de Estados Unidos para el Desarrollo Internacional (USAID, por sus siglas en ingl\u00e9s); el Fondo Nacional para la Democracia (NED, por sus siglas en ingl\u00e9s); la Agencia de los Estados Unidos para los Medios Globales (USAGM, por sus siglas en ingl\u00e9s), anteriormente Junta de Gobernadores para la Radiodifusi\u00f3n (BBG, por sus siglas en ingl\u00e9s); y, un largo etc\u00e9tera; est\u00e1n dispuestos a brindar a cambio siempre de minar la soberan\u00eda de los pa\u00edses a los que, ya sea por invitaci\u00f3n o por inter\u00e9s propio, deciden \u201capoyar\u201d.<\/p>\n\n\n\n<p>En M\u00e9xico, en los \u00faltimos meses han destacado al menos dos casos, el de Mexicanos Contra la Corrupci\u00f3n y la Impunidad (MCCI), que en 2018 recibi\u00f3 un monto 35,000 d\u00f3lares por parte de la NED<a href=\"applewebdata:\/\/46D1D02D-9F03-4B7A-AA53-39CE9BFD9AEF#_ftn2\"><sup>[2]<\/sup><\/a>; y el de Art\u00edculo 19, que en 2019 reporta un financiamiento proveniente de agencias de cooperaci\u00f3n internacional y embajadas que asciende a 17,613,170 pesos<a href=\"applewebdata:\/\/46D1D02D-9F03-4B7A-AA53-39CE9BFD9AEF#_ftn3\"><sup>[3]<\/sup><\/a>. La primera una organizaci\u00f3n que en realidad no combate la corrupci\u00f3n, sino que la promueve y que, adem\u00e1s, ha buscado protegerse de las pol\u00edticas implementadas por L\u00f3pez Obrador a trav\u00e9s de la promoci\u00f3n de amparos, utilizando para ello los fondos para la promoci\u00f3n del \u201cdesarrollo\u201d, la \u201cciudadan\u00eda\u201d y la \u201cdemocracia\u201d que reciben desde el exterior. La segunda, una organizaci\u00f3n que se autopromueve como una organizaci\u00f3n independiente y apartidista, y que con gran finura en sus informes ha colocado al gobierno mexicano como el responsable del deterioro de las condiciones necesarias para ejercer la libertad de expresi\u00f3n en el pa\u00eds argumentando como causas de ello, por ejemplo, las \u201cpol\u00edticas de austeridad\u201d e ignorando, en cambio, las afectaciones generadas por la propia pandemia del Covid-19.<a href=\"applewebdata:\/\/46D1D02D-9F03-4B7A-AA53-39CE9BFD9AEF#_ftn4\"><sup>[4]<\/sup><\/a><\/p>\n\n\n\n<p>Otro punto que como en el resto de Am\u00e9rica Latina se ha potencializado tiene que ver con el calentamiento de calle y del ambiente pol\u00edtico que se deriva de los planteamientos de Gene Sharp, los cu\u00e1les han sido utilizados, por cierto, como si fueran un manual de cocina. El Frente Nacional Anti-Amlo, algunas expresiones feministas, el uso de algunos sindicatos, ciertas acciones promovidas por los transportistas en la Ciudad de M\u00e9xico o incluso la toma de la presa de La Boquilla por el conflicto del agua en Chihuahua sucedida a finales del a\u00f1o pasado, ilustran muy bien este tipo de estrategias, sin embargo y a pesar del fuerte impulso que los medios masivos de comunicaci\u00f3n le han dado a este tipo de manifestaciones, dada su artificialidad, han fracasado en sus intentos de dar esa m\u00e1s deseada que real perspectiva de inestabilidad pol\u00edtica en el pa\u00eds.<\/p>\n\n\n\n<p>En el otro extremo encontramos a una izquierda, por llamarla de alguna manera, \u201cradical\u201d que sostiene que, dado que L\u00f3pez Obrador no es ni antineoliberal ni anticapitalista, argumento en el que hasta cierto punto no le falta raz\u00f3n, nada de lo que hace podr\u00eda tener alg\u00fan impacto positivo para el pa\u00eds. Desde aqu\u00ed se desacredita lo mismo el proyecto que impulsa el desarrollo del Istmo de Tehuantepec que la construcci\u00f3n del Tren Maya o el programa Sembrando Vida o cualquiera otro, sin que de por medio exista un an\u00e1lisis ha profundidad que permita visibilizar con claridad los impactos positivos y negativos de los mismos. Esta izquierda \u201cradical\u201d, que ha sido tambi\u00e9n una constante en Am\u00e9rica Latina, se lanza en contra de toda propuesta de \u201cdesarrollo alternativo\u201d, posicion\u00e1ndose en favor de \u201cuna alternativa al desarrollo\u201d superadora de la racionalidad establecida por la Modernidad con respecto al progreso, la explotaci\u00f3n de la naturaleza y las relaciones entre los seres humanos, propone pues una cr\u00edtica abstracta al desarrollo cuyos argumentos, como advierte Atilio Bor\u00f3n, \u201c[\u2026] quedan reducidos a una atractiva ret\u00f3rica pero desprovista de reales capacidades de transformaci\u00f3n social.\u201d<a href=\"applewebdata:\/\/46D1D02D-9F03-4B7A-AA53-39CE9BFD9AEF#_ftn5\"><sup>[5]<\/sup><\/a>&nbsp;As\u00ed, desde esta postura se renuncia a la posibilidad de participar de este proceso de transformaci\u00f3n con una cr\u00edtica constructiva y propositiva, funcionando m\u00e1s bien como una especie de izquierda francotiradora que termina por coincidir, en no pocas ocasiones, con los planteamientos de la derecha, en ambos casos desacreditando cualquier iniciativa simplemente por el hecho de que proviene del gobierno de L\u00f3pez Obrador.&nbsp;<\/p>\n\n\n\n<p>En el an\u00e1lisis que se realiza desde el exterior sobre el contexto pol\u00edtico y electoral en M\u00e9xico, se insiste en se\u00f1alar que hay un ambiente polarizado, parad\u00f3jicamente, entre un gobierno \u201comnipresente\u201d y una oposici\u00f3n sin liderazgos y desdibujada; pero si esta \u00faltima se encuentra debilitada, cabe preguntarse en d\u00f3nde radica la polarizaci\u00f3n o qu\u00e9 se entiende por ello, ya que ni siquiera en t\u00e9rminos electorales se puede advertir que exista una oposici\u00f3n representativa a la postura oficialista.<a href=\"applewebdata:\/\/46D1D02D-9F03-4B7A-AA53-39CE9BFD9AEF#_ftn6\"><sup>[6]<\/sup><\/a>&nbsp;Bajo este contexto, se ha colocado al \u201cfeminismo\u201d como una de las fuerzas de oposici\u00f3n m\u00e1s importantes, perdiendo de vista que, por su propio car\u00e1cter de transversalidad e interclasismo ha operado, al menos, en tres dimensiones distintas, una ins\u00f3lita solidaridad con la lucha feminista por parte de los medios y empresas que com\u00fanmente se caracterizan por combatir y rechazar las causas populares, promoviendo incluso las manifestaciones y protestas; una segunda dimensi\u00f3n desde la que se impulsan demandas leg\u00edtimas y muy sentidas por amplios grupos de la poblaci\u00f3n que exigen tambi\u00e9n reivindicaciones de la mujer, pero que no son afines al proyecto de L\u00f3pez Obrador; y, una tercera dimensi\u00f3n, cuyas pretensiones son similares a la anterior, pero que si simpatizan con el gobierno de Andr\u00e9s Manuel, forman parte de \u00e9l, o bien, militan en las filas de Morena. As\u00ed visto, el feminismo no puede de manera simple y llana colocarse como una fuerza opositora al gobierno federal.<\/p>\n\n\n\n<p>Mencionaremos, por \u00faltimo, ese particular sector de la sociedad mexicana que se considera parte de la clase media pero que quiz\u00e1 no lo sea porque como lo propone Viri R\u00edos, \u201c[\u2026] para ser clase media necesitar\u00edan ganar 64.000 pesos mensuales para una familia de cuatro integrantes, un nivel salarial que solo gana el 10 por ciento m\u00e1s rico de M\u00e9xico.\u201d<a href=\"applewebdata:\/\/46D1D02D-9F03-4B7A-AA53-39CE9BFD9AEF#_ftn7\"><sup>[7]<\/sup><\/a>&nbsp;y que inspirado por deseos de movilidad y diferenciaci\u00f3n social respalda la agenda pol\u00edtica de los m\u00e1s ricos. A decir verdad, es en este sector en donde comienzan a germinar peligrosas expresiones de racismo y clasismo vinculadas a un abanico de caracter\u00edsticas fenot\u00edpicas que, a su vez, se asocian con fen\u00f3menos de marginaci\u00f3n, pobreza y carencia de oportunidades y que se materializan en esas expresiones como la que hemos referido de la actriz Laura Zapata que vale la pena recuperar nuevamente, \u201cborregos, mal pagados y sin futuro\u201d.<\/p>\n\n\n\n<p>Es ah\u00ed en donde la debilitada oposici\u00f3n ha tenido eco potencializando un fen\u00f3meno cuyas ra\u00edces hist\u00f3ricas se pueden rastrear hasta el propio proceso de colonizaci\u00f3n, pero que atraves\u00f3 tambi\u00e9n la consolidaci\u00f3n del M\u00e9xico independiente al sostenerse sobre una base social mestiza que defini\u00f3 su identidad en rechazo de cualquier resabio ind\u00edgena. La denominada polarizaci\u00f3n pol\u00edtica en M\u00e9xico que tanto se ha referido en el discurso medi\u00e1tico, debiera entonces abordarse m\u00e1s que desde una perspectiva pol\u00edtica, desde una aproximaci\u00f3n sociol\u00f3gica e hist\u00f3rica e identificando que en realidad el problema no radica en una deliberada intenci\u00f3n del mandatario de radicalizar a la sociedad bajo un discurso de \u201cest\u00e1n conmigo o en mi contra\u201d, sino m\u00e1s bien en un fen\u00f3meno hist\u00f3rico de marcado car\u00e1cter cultural que en tiempos recientes se potencializa frente a la impotencia de un sector de la poblaci\u00f3n que no puede tolerar que su gobierno se encuentre en manos de esos que considera los \u201cb\u00e1rbaros\u201d e \u201cincivilizados\u201d de esta sociedad.<\/p>\n\n\n\n<p><strong>Los retos de la 4T y el desaf\u00edo electoral en las intermedias de 2021<\/strong><\/p>\n\n\n\n<p>El pr\u00f3ximo 6 de junio en M\u00e9xico se celebra la contienda electoral m\u00e1s grande de su historia por el n\u00famero de potenciales electores a decir de los propios consejeros del Instituto Nacional Electoral (INE), entre otros cargos, se elegir\u00e1n 15 gobernadores y los 500 miembros de la C\u00e1mara de Diputados y, en el caso de los estados, adem\u00e1s de gobernadores se elegir\u00e1n 30 congresos locales. Uno de los puntos clave es quiz\u00e1 la composici\u00f3n de la C\u00e1mara de Diputados, de ello depende en gran parte el avance del ambicioso plan energ\u00e9tico del gobierno federal que apunta hacia la re-nacionalizaci\u00f3n del sector el\u00e9ctrico y el de los hidrocarburos. Aunque, vistas las experiencias a nivel local y estatal, la fuerza morenista no debe ser considerada de menor relevancia en t\u00e9rminos estrat\u00e9gicos; al respecto, vale la pena mencionar, por ejemplo, el desafuero del gobernador Francisco Javier Garc\u00eda Cabeza de Vaca solicitado por parte de la Fiscal\u00eda General de la Rep\u00fablica&nbsp;&nbsp;y que enfrenta su rechazo en el Congreso Local de Tamaulipas, al ser \u00e9ste en su mayor\u00eda panista y partidario del gobernador; o bien, la afrenta que han representado los gobernadores aglutinados alrededor la supuesta \u201cAlianza Federalista\u201d y que no ha hecho m\u00e1s que obstaculizar el avance de la estrategia de control de la pandemia dirigida desde el gobierno federal.<\/p>\n\n\n\n<p>Hasta ahora las encuestas y sondeos, a pesar de sus variaciones, evidencian que la facci\u00f3n morenista no tendr\u00e1 contrapesos importantes en el Congreso. Pese a ello, en el contexto pol\u00edtico-electoral es importante referir dos factores que merecen preocupaci\u00f3n; por un lado, la reproducci\u00f3n de las viejas pr\u00e1cticas pol\u00edticas rancias y arcaicas que ha sido evidenciada continuamente al interior de Morena; y, por el otro, el comportamiento de un actor que, por parad\u00f3jico y sorprendente que parezca, se ha posicionado de manera muy efectiva como el principal y m\u00e1s peligroso enemigo del gobierno de Andr\u00e9s Manuel L\u00f3pez Obrador, el Instituto Nacional Electoral (INE).<\/p>\n\n\n\n<p>Morena, como sabemos, es un partido joven se formaliz\u00f3 como tal en el a\u00f1o 2014, sin embargo, desde su nacimiento se ha caracterizado por las constantes sanciones por parte de las autoridades electorales. En 2016, por ejemplo, tuvo que pagar una multa de 42 millones de pesos, en 2017 se pag\u00f3 por concepto de sanciones 158 millones de pesos y en 2018 se destin\u00f3 para lo mismo cerca del 30% del presupuesto total del partido. De un lado, el partido no ha sabido o no ha mostrado voluntad para dar cumplimiento a los marcos legales que rigen la vida m\u00e1s que democr\u00e1tica, electoral del pa\u00eds; en contrapartida, el INE como nunca antes y, sobre todo, en el caso de Morena, ha aplicado a&nbsp;<em>pie juntillas<\/em>&nbsp;su marco legal, para el INE parece que el resto de los partidos pol\u00edticos no existen o se comportan perfectamente con apego a la legalidad, algo digno de admirar si se consideran sus antecedentes.<\/p>\n\n\n\n<p>A prop\u00f3sito de ello, el pasado mes de marzo y justo antes del inicio de las campa\u00f1as electorales se public\u00f3 la \u201cEncuesta Nacional de Cultura C\u00edvica (ENUNCI) 2020\u201d<a href=\"applewebdata:\/\/46D1D02D-9F03-4B7A-AA53-39CE9BFD9AEF#_ftn8\"><sup>[8]<\/sup><\/a>, un ejercicio de indagaci\u00f3n sobre opini\u00f3n, percepci\u00f3n y vivencia en torno a la participaci\u00f3n ciudadana que, sorpresivamente, nunca antes se hab\u00eda realizado y que elabor\u00f3 de manera conjunta el INE con el Instituto Nacional de Estad\u00edstica y Geograf\u00eda (INEGI). Es curioso tambi\u00e9n que los resultados hayan arrojado que en tercer lugar, s\u00f3lo por detr\u00e1s de la Marina y el Ej\u00e9rcito y la Guardia Nacional, aparezca el INE como la instituci\u00f3n en la que mayor confianza tiene la ciudadan\u00eda, quedando en cuarto lugar, justamente, la Presidencia de la Rep\u00fablica; adem\u00e1s, la encuesta adquiri\u00f3 gran visibilidad en medios y ha sido ampliamente difundida por el propio INE.<\/p>\n\n\n\n<p>A estas suspicacias que despierta la encuesta, se agregan las constantes amenazas al presidente de la Rep\u00fablica en torno a mantenerse a raya ante el contexto electoral, se propuso incluso la posibilidad de multarle con 5 mil salarios m\u00ednimos o arrestarle por 36 horas. \u201cLas ma\u00f1aneras\u201d, esas que dicen que nadie ve y a nadie le importan, fueron prohibidas por el INE, al menos en los estados en que habr\u00e1 elecciones y han sido escrupulosamente monitoreadas en busca de la infracci\u00f3n.&nbsp;<\/p>\n\n\n\n<p>En las m\u00e1s recientes actuaciones del INE, est\u00e1 tambi\u00e9n la cancelaci\u00f3n del registro a 59 candidatos, de los cu\u00e1les a Morena correspondieron la de la candidatura de Felix Salgado Macedonio en Guerrero&nbsp;por incumplir en la entrega del informe de gastos de precampa\u00f1a, no por las imputaciones que se le hacen y que fueron denunciadas incluso desde el interior de Morena; la de Ra\u00fal Mor\u00f3n en Michoac\u00e1n por la misma raz\u00f3n; as\u00ed como la de 19 aspirantes a diputados federales; adem\u00e1s, inici\u00f3 a otros seis procedimiento sancionador para corroborar conductas similares que derivar\u00edan en la misma sanci\u00f3n; y cancel\u00f3 la posibilidad de registro a tres aspirantes a candidatos a diputado local y a 17 que buscaban ser candidatos a alcaldes. Derivado de la revisi\u00f3n de los informes de campa\u00f1a, Morena fue tambi\u00e9n el partido m\u00e1s sancionado con 13 millones 450 mil pesos.<\/p>\n\n\n\n<p>De igual manera, el INE como parte de las reglas para los comicios que est\u00e1n por realizarse decidi\u00f3, por primera vez en su historia, hacer efectivo el principio constitucional&nbsp;establecido en el art\u00edculo 54 de la Carta Magna, que establece que \u201cEn ning\u00fan caso, un partido pol\u00edtico podr\u00e1 contar con un n\u00famero de diputados por ambos principios que representen un porcentaje del total de la C\u00e1mara que exceda en ocho puntos a su porcentaje de votaci\u00f3n nacional emitida\u201d, esto, seg\u00fan argument\u00f3, para evitar la sobrerrepresentaci\u00f3n partidista en la C\u00e1mara de Diputados, una cuesti\u00f3n que no le interes\u00f3 observar ni en las legislaturas de 2015 ni en la de 2018, s\u00f3lo hasta que Morena gan\u00f3 la mayor\u00eda en la C\u00e1mara de Diputados y el Senado de la Rep\u00fablica. Pese a todo es digno de halagar que, finalmente, el INE comience a hacer cumplir los marcos regulatorios, una tarea que desde su surgimiento debi\u00f3 realizar.<\/p>\n\n\n\n<p>As\u00ed, en el pasado no se hab\u00eda visto tal nivel de vigilancia del proceso electoral, la prueba est\u00e1 en que al menos unas elecciones presidenciales, las de 2006, fueron sancionadas como leg\u00edtimas y legales ante los ojos del INE (en su momento, IFE); a\u00fan ante el triunfo de L\u00f3pez Obrador en 2018, a pesar de las irregularidades y la violencia inusitada ejercida sobre los candidatos, el consejero presidente declar\u00f3 que ante esa elecci\u00f3n \u201clos te\u00f3ricos del fraude se quedan sin materia\u201d.<\/p>\n\n\n\n<p>Por \u00faltimo, en este complejo contexto electoral, no est\u00e1 dem\u00e1s tener presente algunos elementos m\u00e1s. Primero, el audio del consejero presidente, Lorenzo C\u00f3rdova, filtrado en noviembre de 2015 en el que se burla de la manera de expresarse de un representante de comunidades ind\u00edgenas deber\u00eda servir no s\u00f3lo para cuestionar el profesionalismo bajo el que se conduce en el INE, sino tambi\u00e9n para reflexionar sobre cu\u00e1l es el concepto que tiene de \u201cciudadan\u00eda\u201d, uno de los preceptos fundamentales de la instituci\u00f3n que preside, volvemos de nuevo a la profunda ra\u00edz hist\u00f3rica y cultural del racismo y clasismo que permanece vigente en la sociedad y que, sin duda, en el consejero presidente debe permear en su gesti\u00f3n como tal. No est\u00e1 dem\u00e1s mencionar que Lorenzo C\u00f3rdova y Ciro Murayama, antes de ser consejeros, fueron de los firmantes del desplegado publicado en agosto de 2006 que respald\u00f3 a Luis Carlos Ugalde, entonces Consejero Presidente del IFE, en el que se aseguraba que no hab\u00eda habido fraude electoral.<\/p>\n\n\n\n<p>Segundo, que Luis Carlos Ugalde, el consejero presidente legitimador del fraude de 2006, ahora forma parte del \u201cComit\u00e9 asesor de especialistas\u201d de Signos Vitales, una organizaci\u00f3n que articula a individuos y organizaciones que tienen conexiones pol\u00edticas, econ\u00f3micas y laborales con los gobiernos de Carlos Salinas, Ernesto Zedillo, Vicente Fox, Felipe Calder\u00f3n y Enrique Pe\u00f1a Nieto, as\u00ed como con la alta c\u00fapula del sector privado y cuyo objetivo es \u201cevaluar\u201d al gobierno de L\u00f3pez Obrador; fund\u00f3 tambi\u00e9n Integralia, una empresa de consultor\u00eda que abastece de informaci\u00f3n a Signos Vitales que luego sirve para emitir los diagn\u00f3sticos negativos sobre la gesti\u00f3n de L\u00f3pez Obrador; adem\u00e1s, ha reconocido como su \u201caliado\u201d a Claudio X. Gonz\u00e1lez, impulsor de la recientemente creada \u201cVa por M\u00e9xico\u201d, una coalici\u00f3n electoral entre el PAN, el PRI y el PRD formada a finales de 2020 para hacer frente a estos comicios.<a href=\"applewebdata:\/\/46D1D02D-9F03-4B7A-AA53-39CE9BFD9AEF#_ftn9\"><sup>[9]<\/sup><\/a><\/p>\n\n\n\n<p>En suma, estos consejeros presidentes, incluido Jos\u00e9 Woldenberg, tambi\u00e9n firmante del ya referido desplegado y ahora un importante cr\u00edtico del gobierno de Andr\u00e9s Manuel, han formado parte integral en un momento u otro de la c\u00fapula pol\u00edtica podrida que ha dirigido durante a\u00f1os al pa\u00eds, si bien ello no necesariamente compromete su desempe\u00f1o en el \u00f3rgano encargado de garantizar el ejercicio de los derechos pol\u00edtico-electorales de la ciudadan\u00eda y la democracia en nuestro pa\u00eds, dice mucho de la matriz ideol\u00f3gica y de la concepci\u00f3n de democracia que se ha instalado en el Instituto y que nada tiene que ver con la visi\u00f3n de democracia participativa que ha sido caracter\u00edstica de Am\u00e9rica Latina, una pr\u00e1ctica pol\u00edtica mucho m\u00e1s cercana a la realidad de nuestro pa\u00eds que a la de esa democracia procedimental, cuyo principal exportador es casualmente nuestro vecino del norte.&nbsp;Vistas as\u00ed las cosas, los comicios electorales que se realizar\u00e1n el pr\u00f3ximo 6 de junio no modificar\u00e1n de manera importante el contexto pol\u00edtico vigente. Pero no hay que dejar de dar seguimiento a esta \u201coposici\u00f3n\u201d que en su desesperaci\u00f3n parece dispuesta a cualquier cosa, lo que deja abierta la posibilidad de un golpe de Estado que pudiera gestionarse bajo las nuevas modalidades que ya hemos visto aplicarse en los \u00faltimos a\u00f1os en varios pa\u00edses de Am\u00e9rica Latina y en los cu\u00e1les el&nbsp;<em>lawfare<\/em>, una estrategia que utiliza indebidamente los procedimientos legales para dar apariencia de legalidad y que incorpora como uno de sus componentes al imperialismo estadounidense, podr\u00eda ser la elegida para intentar derrocar al ambicioso proyecto de la Cuarta Transformaci\u00f3n.<\/p>\n\n\n\n<hr class=\"wp-block-separator\"\/>\n\n\n\n<p><a href=\"applewebdata:\/\/46D1D02D-9F03-4B7A-AA53-39CE9BFD9AEF#_ftnref1\"><sup>[1]<\/sup><\/a>&nbsp;Eduardo Galeano,&nbsp;<em>Las venas abiertas de Am\u00e9rica Latina<\/em>, M\u00e9xico, Siglo XXI, 1971,&nbsp;p. 18<\/p>\n\n\n\n<p><a href=\"applewebdata:\/\/46D1D02D-9F03-4B7A-AA53-39CE9BFD9AEF#_ftnref2\"><sup>[2]<\/sup><\/a>&nbsp;National Edowment for Democracy, sitio oficial:&nbsp;<a href=\"https:\/\/www.ned.org\/\">https:\/\/www.ned.org<\/a>&nbsp;[consulta: 11 de mayo de 2021].&nbsp;Para rastrear la informaci\u00f3n es necesario realizar una b\u00fasqueda especializada por regi\u00f3n, por pa\u00eds y por a\u00f1o.<\/p>\n\n\n\n<p><a href=\"applewebdata:\/\/46D1D02D-9F03-4B7A-AA53-39CE9BFD9AEF#_ftnref3\"><sup>[3]<\/sup><\/a>&nbsp;Art\u00edculo 19, \u201cFinanciamientos\u201d, direcci\u00f3n URL:&nbsp;<a href=\"https:\/\/articulo19.org\/sobre-a19\/financiamientos\/\">https:\/\/articulo19.org\/sobre-a19\/financiamientos\/<\/a>&nbsp;[consulta: 11 de mayo de 2021].<\/p>\n\n\n\n<p><a href=\"applewebdata:\/\/46D1D02D-9F03-4B7A-AA53-39CE9BFD9AEF#_ftnref4\"><sup>[4]<\/sup><\/a>&nbsp;Ver el Informe \u201cM\u00e9xico: Informe expone ataques sistem\u00e1ticos contra personas defensoras de DDHH y periodistas en el marco de la pandemia\u201d descargable en:&nbsp;<a href=\"https:\/\/articulo19.org\/mexico-informe-expone-ataques-sistematicos-contra-personas-defensoras-de-ddhh-y-periodistas-en-el-marco-de-la-pandemia\/\">https:\/\/articulo19.org\/mexico-informe-expone-ataques-sistematicos-contra-personas-defensoras-de-ddhh-y-periodistas-en-el-marco-de-la-pandemia\/<\/a>&nbsp;[consulta: 11 de mayo de 2021].<\/p>\n\n\n\n<p><a href=\"applewebdata:\/\/46D1D02D-9F03-4B7A-AA53-39CE9BFD9AEF#_ftnref5\"><sup>[5]<\/sup><\/a>&nbsp;Atilio A. Bor\u00f3n,&nbsp;<em>Am\u00e9rica Latina en la geopol\u00edtica del imperialismo<\/em>, M\u00e9xico, UNAM, 2014, p. 202.<\/p>\n\n\n\n<p><a href=\"applewebdata:\/\/46D1D02D-9F03-4B7A-AA53-39CE9BFD9AEF#_ftnref6\"><sup>[6]<\/sup><\/a>&nbsp;Ver, por ejemplo, \u201cLas encuestas confirman el dominio de Morena en la C\u00e1mara de Diputados en las elecciones de junio\u201d, en&nbsp;<em>El Pa\u00eds<\/em>, 25 de abril de 2021, Espa\u00f1a, direcci\u00f3n URL:&nbsp;<a href=\"https:\/\/elpais.com\/mexico\/2021-04-25\/las-encuestas-confirman-el-dominio-de-morena-en-la-camara-de-diputados-en-las-elecciones-de-junio.html\">https:\/\/elpais.com\/mexico\/2021-04-25\/las-encuestas-confirman-el-dominio-de-morena-en-la-camara-de-diputados-en-las-elecciones-de-junio.html<\/a>&nbsp;[consulta: 28 de abril de 2021].<\/p>\n\n\n\n<p><a href=\"applewebdata:\/\/46D1D02D-9F03-4B7A-AA53-39CE9BFD9AEF#_ftnref7\"><sup>[7]<\/sup><\/a>&nbsp;Viri R\u00edos, \u201cNo, no eres clase media\u201d, en&nbsp;<em>The New York Times<\/em>, 6 de julio ed 2020, direcci\u00f3n URL:&nbsp;<a href=\"https:\/\/www.nytimes.com\/es\/2020\/07\/06\/espanol\/opinion\/clase-media-mexico.html\">https:\/\/www.nytimes.com\/es\/2020\/07\/06\/espanol\/opinion\/clase-media-mexico.html<\/a>&nbsp;consulta: 10 de mayo de 2021].<\/p>\n\n\n\n<p><a href=\"applewebdata:\/\/46D1D02D-9F03-4B7A-AA53-39CE9BFD9AEF#_ftnref8\"><sup>[8]<\/sup><\/a>&nbsp;Consultar encuesta en:&nbsp;<a href=\"https:\/\/www.inegi.org.mx\/contenidos\/programas\/encuci\/2020\/doc\/ENCUCI_2020_Presentacion_Ejecutiva.pdf\">https:\/\/www.inegi.org.mx\/contenidos\/programas\/encuci\/2020\/doc\/ENCUCI_2020_Presentacion_Ejecutiva.pdf<\/a>[12 de mayo de 2021].<\/p>\n\n\n\n<p><a href=\"applewebdata:\/\/46D1D02D-9F03-4B7A-AA53-39CE9BFD9AEF#_ftnref9\"><sup>[9]<\/sup><\/a>&nbsp;Para profundizar consultar el reciente reportaje: \u00c1lvaro Delgado, \u201cViejos intereses desplazados del poder se reacomodan en ONGs\u201d, en:&nbsp;<em>SinEmbargo.mx<\/em>, 10 de mayo de 2021. Direcci\u00f3n URL:&nbsp;<a href=\"https:\/\/www.sinembargo.mx\/10-05-2021\/3972774\">https:\/\/www.sinembargo.mx\/10-05-2021\/3972774<\/a>&nbsp;[consulta: 13 de mayo de 2021].<\/p>\n","protected":false},"excerpt":{"rendered":"<p>A\u00fan es temprano para advertir si M\u00e9xico llega tarde a una ola de transformaci\u00f3n pol\u00edtica y social iniciada en Am\u00e9rica Latina en 1999 luego del ascenso de Hugo Ch\u00e1vez al poder en Venezuela o si, por el contrario, es el iniciador de una nueva etapa que se habr\u00e1 de caracterizar por la puesta en marcha &#8230; <a title=\"EL DESAF\u00cdO ELECTORAL EN LAS INTERMEDIAS DE 2021: EL PANORAMA POL\u00cdTICO MEXICANO Y LOS RETOS DE LA 4T\" class=\"read-more\" href=\"https:\/\/revistamemoria.mx\/?p=3336\" aria-label=\"Leer m\u00e1s sobre EL DESAF\u00cdO ELECTORAL EN LAS INTERMEDIAS DE 2021: EL PANORAMA POL\u00cdTICO MEXICANO Y LOS RETOS DE LA 4T\">Leer m\u00e1s<\/a><\/p>\n","protected":false},"author":278,"featured_media":0,"comment_status":"closed","ping_status":"closed","sticky":false,"template":"","format":"standard","meta":{"footnotes":""},"categories":[25],"tags":[245],"class_list":["post-3336","post","type-post","status-publish","format-standard","hentry","category-mexico","tag-elecciones-2021"],"_links":{"self":[{"href":"https:\/\/revistamemoria.mx\/index.php?rest_route=\/wp\/v2\/posts\/3336","targetHints":{"allow":["GET"]}}],"collection":[{"href":"https:\/\/revistamemoria.mx\/index.php?rest_route=\/wp\/v2\/posts"}],"about":[{"href":"https:\/\/revistamemoria.mx\/index.php?rest_route=\/wp\/v2\/types\/post"}],"author":[{"embeddable":true,"href":"https:\/\/revistamemoria.mx\/index.php?rest_route=\/wp\/v2\/users\/278"}],"replies":[{"embeddable":true,"href":"https:\/\/revistamemoria.mx\/index.php?rest_route=%2Fwp%2Fv2%2Fcomments&post=3336"}],"version-history":[{"count":1,"href":"https:\/\/revistamemoria.mx\/index.php?rest_route=\/wp\/v2\/posts\/3336\/revisions"}],"predecessor-version":[{"id":3337,"href":"https:\/\/revistamemoria.mx\/index.php?rest_route=\/wp\/v2\/posts\/3336\/revisions\/3337"}],"wp:attachment":[{"href":"https:\/\/revistamemoria.mx\/index.php?rest_route=%2Fwp%2Fv2%2Fmedia&parent=3336"}],"wp:term":[{"taxonomy":"category","embeddable":true,"href":"https:\/\/revistamemoria.mx\/index.php?rest_route=%2Fwp%2Fv2%2Fcategories&post=3336"},{"taxonomy":"post_tag","embeddable":true,"href":"https:\/\/revistamemoria.mx\/index.php?rest_route=%2Fwp%2Fv2%2Ftags&post=3336"}],"curies":[{"name":"wp","href":"https:\/\/api.w.org\/{rel}","templated":true}]}}