{"id":3461,"date":"2021-11-15T19:33:27","date_gmt":"2021-11-16T01:33:27","guid":{"rendered":"http:\/\/revistamemoria.mx\/?p=3461"},"modified":"2021-11-15T22:41:50","modified_gmt":"2021-11-16T04:41:50","slug":"miguel-angel-velasco-una-sintesis-de-su-trayectoria-revolucionaria","status":"publish","type":"post","link":"https:\/\/revistamemoria.mx\/?p=3461","title":{"rendered":"MIGUEL \u00c1NGEL VELASCO, UNA S\u00cdNTESIS DE SU TRAYECTORIA REVOLUCIONARIA"},"content":{"rendered":"\n<p>Antes de que irrumpiera la pandemia, a inicios de 2020, en el INAH se present\u00f3&nbsp;&nbsp;una autobiograf\u00eda de Miguel \u00c1ngel Velasco (MAV) con el t\u00edtulo&nbsp;<em>La vida de un comunista<\/em>.<em>&nbsp;<\/em>No se trata propiamente de una autobiograf\u00eda que MAV hubiera escrito con ese prop\u00f3sito, pues es una recopilaci\u00f3n de notas, escritos y audios de diferentes etapas de este incansable luchador social. Por mi parte, intentar\u00e9 hacer una semblanza compendiando mi relaci\u00f3n con MAV. Lo conoc\u00ed en los a\u00f1os setenta, en reuniones de diversas agrupaciones de la izquierda que se planteaban conseguir la unidad org\u00e1nica de la izquierda de esos tiempos. Me impresion\u00f3 la claridad y contundencia de sus planteamientos, y la vitalidad con que los hac\u00eda, con un nerviosismo gestual y enjundia que, junto con su estatura, justificaban el apodo de<em>&nbsp;&nbsp;Rat\u00f3n<\/em>&nbsp;Velasco<em>.&nbsp;<\/em>Posteriormente me fue compartiendo muchos de los escritos de su archivo que fueron la base de la elaboraci\u00f3n de dos de mis libros,&nbsp;<em>En busca de la convergencia,<\/em>&nbsp;editado a inicios de los noventa por el CIESAS, y&nbsp;<em>Por una alternativa a la inequidad,&nbsp;<\/em>editado a mediados de los noventa por la Universidad de Guadalajara. Colabor\u00e9 intensamente con \u00e9l en el primer lustro de los ochenta. Juntos organizamos un libro que seleccionaba sus&nbsp;&nbsp;principales escritos sobre luchas campesinas, obreras y partidistas. No obstante fue obstaculizado por un funcionario partidista que pretend\u00eda distanciarse de su pasado comunista para abrazar las modas de las tendencias eurocomunistas que coqueteaban con el neoliberalismo.&nbsp;&nbsp;Fue una especie de censura.<\/p>\n\n\n\n<p>El<em>&nbsp;Rat\u00f3n<\/em>&nbsp;Velasco me narraba an\u00e9cdotas de su infancia en Xalapa donde hab\u00eda nacido a inicios del siglo XX. Siendo muy joven trabaj\u00f3 como panadero y fue cofundador de la Uni\u00f3n Gremial de Obreros Panaderos de Xalapa, en la que fue su secretario general. Apoy\u00f3 el movimiento inquilinario, compuesto principalmente por mujeres, que brot\u00f3 en Veracruz en 1922. Un a\u00f1o despu\u00e9s se uni\u00f3 a la guerrilla de Jilotepec que se opuso a la rebeli\u00f3n delahuertista. Esto lo impuls\u00f3 a llegar a ser escolta del General revolucionario Heriberto Jara. Tambi\u00e9n&nbsp;&nbsp;en 1924 fue&nbsp;&nbsp;cofundador de la Federaci\u00f3n Obreros Panaderos de Veracruz, y al a\u00f1o siguiente impuls\u00f3 la Federaci\u00f3n de Sindicatos Obreros y Campesinos de C\u00f3rdoba. A inicios del segundo lustro de los veinte entr\u00f3 al Partido Comunista Mexicano (PCM) y fue parte de su Comit\u00e9 Central. Ah\u00ed conoci\u00f3 y apreci\u00f3 a Julio Antonio Mella. Siendo comunista particip\u00f3 en la creaci\u00f3n de la Liga Campesina. A mediados de ese lustro fue integrante del movimiento en&nbsp;contra de la ejecuci\u00f3n&nbsp;en Estados Unidos de los anarquistas Sacco y Vanzetti. Su internacionalismo lo llev\u00f3 a trabajar con el Frente manos Fuera de Nicaragua. Estuvo muy activo en el Comit\u00e9 de Defensa Proletaria, y a finales de esa d\u00e9cada fue miembro importante tanto del Bloque Obrero y Campesino Nacional, como de la Confederaci\u00f3n Sindical Unitaria de M\u00e9xico. A inicios de los a\u00f1os treinta fue uno de los reorganizadores de la C\u00e1mara de Trabajo Unitaria de Nuevo Le\u00f3n. Por sus actividades como comunista sufri\u00f3 la prisi\u00f3n en las Islas Mar\u00edas. Al salir libre, volvi\u00f3 a la intensa actividad revolucionaria, y trabaj\u00f3 en la organizaci\u00f3n&nbsp;&nbsp;de los peones de las haciendas de Lombard\u00eda y Nueva Italia en Michoac\u00e1n,&nbsp;&nbsp;donde encabez\u00f3 la huelga que consigui\u00f3 su primer contrato colectivo de trabajo. A mediados de los treinta luch\u00f3 en el Frente Popular Antimperialista. Fue delegado mexicano ante el Congreso Antiguerrero celebrado en Uruguay. El dictador de ese tiempo lo mand\u00f3 detener y deportar. Despu\u00e9s fue enviado a Venezuela para tratar de resolver la crisis del Partido Comunista en ese pa\u00eds, donde tambi\u00e9n fue detenido, recluido en una isla y despu\u00e9s deportado.&nbsp;Represent\u00f3 a la Confederaci\u00f3n Sindical Unitaria en la formaci\u00f3n del Comit\u00e9 Nacional de Defensa Proletaria y fue uno de los constructores de&nbsp;de la CTM, en la que estando en su primer Comit\u00e9 Nacional, recibi\u00f3 el apoyo de los grandes sindicatos industriales para que ocupara el cargo de Secretario de Organizaci\u00f3n de la entonces combativa CTM, cosa que no se logr\u00f3 debido a las maniobras de Fidel Velazquez quien encabezaba a los llamados 5 lobitos. En su af\u00e1n de unificar las luchas de los trabajadores, renunci\u00f3 a ocupar ese importante puesto. En la prensa comunista fue tambi\u00e9n un activo articulista. Escribi\u00f3 importantes an\u00e1lisis de la reforma agraria, de la producci\u00f3n agr\u00edcola, y en torno a la administraci\u00f3n obrera en las empresas. A inicios de los cuarenta fue director del&nbsp;peri\u00f3dico del PCM&nbsp;<em>La Voz de M\u00e9xico<\/em>.<\/p>\n\n\n\n<p>Pero en 1943 por defender a&nbsp;&nbsp;Hern\u00e1n&nbsp;Laborde y a Valent\u00edn&nbsp;Campa fue expulsado de ese partido.&nbsp;&nbsp;MAV&nbsp;protestaba en contra de la intervenci\u00f3n de los comunistas extranjeros argumentando que desconoc\u00edan los problemas del pa\u00eds,y solicitaba que el PCM resolviera sus propios problemas, encaminando el examen de la causa de la crisis del partido hacia la l\u00ednea pol\u00edtica incompleta y a su falta de aplicaci\u00f3n. Las posturas de independencia intelectual frente a la direcci\u00f3n for\u00e1nea despertaron mayores hostilidades en contra de MAV. En este contexto escribi\u00f3: \u00abNada hay en mi pasado, que he revisado cuidadosamente, de lo que pueda avergonzarme o de que puedan avergonzarse mis amigos, mis compa\u00f1eros, mis hijos o mi Partido\u00bb. Los disidentes celebraron una asamblea para elegir a la comisi\u00f3n del D.F., la cual convoc\u00f3 a una amplia asamblea para los d\u00edas 18 y 19 de diciembre de ese a\u00f1o. \u00c1ngel Olivo tuvo a su cargo el informe central. Hubo adem\u00e1s otros dos informes, el de Ram\u00edrez y Ram\u00edrez acerca de la participaci\u00f3n de M\u00e9xico en la guerra, y el de Miguel \u00c1ngel Velasco quien hizo una presentaci\u00f3n de los problemas econ\u00f3micos de las masas del pueblo de M\u00e9xico. En esa asamblea se examinaron las tareas organizativas del movimiento que estaba en marcha.&nbsp;&nbsp;MAV pas\u00f3 a formar grupo con Laborde y Campa.&nbsp;<\/p>\n\n\n\n<p>A principios de 1945 estaba funcionando el C\u00edrculo de Acci\u00f3n con el nombre de Jos\u00e9 Mar\u00eda Morelos encabezado por Hern\u00e1n Laborde, Valent\u00edn Campa, Luis Ch\u00e1vez Orozco y MAV. El Morelos se tuvo que reorganizar. Campa qued\u00f3 como presidente, y Velasco al frente de la secretar\u00eda de organizaci\u00f3n. Este colectivo despu\u00e9s deriv\u00f3 en el que asumi\u00f3 el nombre de Acci\u00f3n Socialista Unificada donde&nbsp;&nbsp;MAV se desempe\u00f1\u00f3 como secretario de actas y acuerdos. Hubo acercamientos con otros grupos y se fund\u00f3 la revista&nbsp;<em>Noviembre<\/em>&nbsp;en cuyo consejo de redacci\u00f3n estaba MAV. Se quer\u00eda formar un partido unitario de los comunistas. Esto deriv\u00f3 en la fundaci\u00f3n del Partido Obrero Campesino Mexicano (POCM) a mediados del siglo XX. En&nbsp;1947&nbsp;particip\u00f3 en la Mesa Redonda de los Marxistas.&nbsp;<\/p>\n\n\n\n<p>A mediados de los cincuenta MAV fue llevado&nbsp;&nbsp;junto con otros ante el Procurador General de la Rep\u00fablica con la acusaci\u00f3n de que quer\u00edan alterar el orden. En 1958 hubo unidad de acci\u00f3n entre el POCM y el PC, pero no se consigui\u00f3 su unidad org\u00e1nica. Con la fuerte represi\u00f3n contra el movimiento&nbsp;ferrocarrilero, donde fueron encarcelados dirigentes que pertenec\u00edan al POCM se produjo una fuerte crisis interna en el POCM. MAV interven\u00eda continuamente para recomponerlo exhortando a dejar posturas dogm\u00e1ticas.&nbsp;&nbsp;&nbsp;<\/p>\n\n\n\n<p>Fue integrante del Movimiento de Liberaci\u00f3n Nacional a principios de los sesenta. Cuando el Partido Popular decidi\u00f3 hacerse Socialista el POCM explor\u00f3 la posibilidad de fusionarse con el partido lombardista. En la redacci\u00f3n de los documentos del PPS intervinieron activamente miembros&nbsp;&nbsp;provenientes del POCM. En la Declaraci\u00f3n de Principios particip\u00f3 MAV, quien tambi\u00e9n fue incorporado en el Comit\u00e9 Central de ese nuevo partido. Quienes hab\u00edan sido del POCM fueron un n\u00facleo muy din\u00e1mico en ese partido hasta la muerte de Lombardo. Pero cuando los viejos militantes del PP se hicieron de la direcci\u00f3n expulsaron a los que hab\u00edan sido del POCM, porque sus planteamientos revolucionarios molestaban a quienes quer\u00edan seguir apoyando al gobierno priista.&nbsp;<\/p>\n\n\n\n<p>En los a\u00f1os setenta MAV promovi\u00f3&nbsp;&nbsp;la fundaci\u00f3n del Movimiento de Acci\u00f3n y Unidad Socialista (MAUS), y sigui\u00f3 luchando porque se lograra un nuevo partido de izquierda que defendiera la v\u00eda mexicana al socialismo. Fue Secretario General de esa organizaci\u00f3n. El MAUS intervino en las discusiones de la Reforma Pol\u00edtica de finales de esa d\u00e9cada y consigui\u00f3 cumplir los requisitos para que se le reconociera como Asociaci\u00f3n Pol\u00edtica Nacional. En las elecciones de 1979 hizo coalici\u00f3n con el PC. Posteriormente estuvo muy activo en la creaci\u00f3n del Partido Socialista Unificado de M\u00e9xico. MAV tambi\u00e9n fue&nbsp;cofundador del Partido Mexicano Socialista, estuvo de acuerdo en que se apoyara la candidatura de Cuauht\u00e9moc C\u00e1rdenas, y despu\u00e9s del gran fraude de Salinas, sigui\u00f3 impulsando la unidad de la izquierda que se fragu\u00f3 a finales de los ochenta en el Partido de la Revoluci\u00f3n Democr\u00e1tica PRD el cual represent\u00f3 a la izquierda un buen tramo hasta que a inicios de la tercera d\u00e9cada del siglo XXI se hizo aliado subordinado de la derecha, y solicit\u00f3 el intervencionismo de una OEA, agresivo instrumento de los intereses estadounidenses.Desde finales de los a\u00f1os setenta del siglo pasado,&nbsp;&nbsp;cuando me encontraba analizando a uno de los partidos de izquierda que hab\u00eda logrado su registro con la Reforma Pol\u00edtica, vi la necesidad de hacer indagaciones acerca de agrupamientos partidarios de anteriores d\u00e9cadas. Realic\u00e9 muchas entrevistas con MAV quien en&nbsp;&nbsp;1981 fue destacado promotor y&nbsp;&nbsp;cofundador&nbsp;&nbsp;del Centro de Estudios del Movimiento Obrero y Socialista en donde se encuentra su archivo, e impulsor de su revista&nbsp;<em>Memoria.&nbsp;<\/em>MAV era un respetado representante de una izquierda combativa, popular y promotor de la construcci\u00f3n de un socialismo democr\u00e1tico. Hab\u00eda apoyado los movimientos obreros, campesinos y de los de abajo. Fue parte del movimiento ferrocarrilero de finales de los cincuenta. Estuvo a favor del movimiento de m\u00e9dicos y de los estudiantes en los sesenta. Se opuso a la invasi\u00f3n sovi\u00e9tica de Checoslovaquia. Fue figura destacada en todos los intentos de unidad de la izquierda. Luch\u00f3 contra la legislaci\u00f3n penal de los llamados delitos de disoluci\u00f3n social, y apoy\u00f3 la lucha por la libertad de los presos pol\u00edticos. Propugn\u00f3 que se elevaran los ingresos de las masas trabajadoras,&nbsp;&nbsp;y que se limitaran las exhorbitantes utilidades de los bancos. Se pronunci\u00f3 por la nacionalizaci\u00f3n del cr\u00e9dito y de las ramas fundamentales de la industria (siderurgia, fundici\u00f3n de los metales no ferrosos, azufres, tel\u00e9fonos, az\u00facar, etc.). Estaba por la creaci\u00f3n de empresas estatales para la explotaci\u00f3n de recursos naturales vitales, por la participaci\u00f3n de los obreros en las empresas nacionalizadas, por la aplicaci\u00f3n a fondo de la reforma agraria, por la aplicaci\u00f3n de una reforma fiscal radical. Defend\u00eda una profunda modificaci\u00f3n de las estructuras pol\u00edticas, sociales y econ\u00f3micas vigentes. Se pronunci\u00f3 contra&nbsp;&nbsp;todas las ofensivas reaccionarias. Fue insistente en la necesidad de una efectiva democratizaci\u00f3n del pa\u00eds. En sus an\u00e1lisis se refer\u00eda a la dominaci\u00f3n imperialista, al crecimiento del desempleo, al ahondamiento de la brecha entre entre salarios y utilidades, al alza desenfrenada de precios, a la concentraci\u00f3n de la riqueza, al aumento del endeudamiento externo, al d\u00e9ficit cr\u00f3nico de la balanza comercial. No se quedaba en esos rubros y ahondaba haciendo ver que ese conjunto ten\u00eda que ver con modelo capitalista, y que su soluci\u00f3n no podr\u00eda ser dentro de esa v\u00eda. Para aplicar un modelo alternativo se requer\u00edan medidas en\u00e9rgicas. Se pronunciaba y pon\u00eda todo su esfuerzo en la creaci\u00f3n de un verdadero partido revolucionario. En el sexenio de L\u00f3pez Portillo cuando se abri\u00f3 la posibilidad de una nueva reforma pol\u00edtica, MAV recordaba los cambios que introduc\u00eda en el capitalismo la nueva revoluci\u00f3n t\u00e9cnica y cient\u00edfica. Examinaba las nuevas formas de dominaci\u00f3n del imperialismo representadas por los gigantescos monopolios supranacionales. Critic\u00f3 que la nueva reforma pol\u00edtica se limitara s\u00f3lo a lo electoral y planteaba que se necesitaba una reforma democr\u00e1tica de fondo. Ve\u00eda la ofensiva fascista del lado del gran capital financiero. Estudiaba la coyuntura de esa reforma que pod\u00eda abrir camino hacia una vida democr\u00e1tica y la independencia del pa\u00eds, por la lucha de los trabajadores del campo y de la ciudad, o quedarse en un capitalismo subdesarrollado, dependiente del imperialismo yanqui. Hab\u00eda que luchar por la nacionalizaci\u00f3n de la econom\u00eda. Contra la concentraci\u00f3n y centralizaci\u00f3n del poder y del paternalismo pol\u00edtico habr\u00eda que buscar la construcci\u00f3n de una estructura pol\u00edtica independiente. La reforma no pod\u00eda quedar en reconocimiento de nuevos partidos y un maquillaje electoral, sino deb\u00eda incluir una democracia sindical. MAV reafirmaba su internacionalismo. Hab\u00eda que luchar no s\u00f3lo por la justicia y la libertad para el pueblo mexicano, sino tambi\u00e9n para todos los pueblos. Insist\u00eda en que se buscaba un internacionalismo de clase. Planteaba que la educaci\u00f3n deb\u00eda ser democr\u00e1tica y al alcance de todos, y que adem\u00e1s expresara un contenido social e hist\u00f3rico. Estaba por la reorganizaci\u00f3n de las universidades, por una redistribuci\u00f3n regional educativa. Afirmaba que M\u00e9xico era pluricultural y defend\u00eda los derechos de los pueblos ind\u00edgenas. Fue cuidadoso de propiciar la organizaci\u00f3n. Lamentaba que los cambios pol\u00edticos se hab\u00edan reducido&nbsp;&nbsp;a cuestiones electorales, y ni siquiera en ese punto hab\u00edan erradicado los fraudes. Hac\u00eda ver que la democracia no pod\u00eda limitarse al \u00e1mbito comicial. Estudiaba las razones por las que el aumento del descontento popular no ten\u00eda traducci\u00f3n en los votos. Siempre se pronunci\u00f3 por cambios de fondo que incluyeran la democratizaci\u00f3n de toda la vida econ\u00f3mica, pol\u00edtica y social del pa\u00eds. Era partidario del aut\u00e9ntico municipio libre. Estuvo en contra del genocidio en Centroam\u00e9rica. Denunciaba los asesinatos y encarcelamiento de profesores y de padres de familia opositores a la burocracia sindical en M\u00e9xico. Siempre se opuso a las medidas represivas gubernamentales. En cuanto a la pol\u00edtica petrolera estaba a favor de la racionalizaci\u00f3n de los energ\u00e9ticos, y criticaba la pol\u00edtica de subsidios a la iniciativa privada. Se opuso a que Pemex contratara la exploraci\u00f3n y perforaci\u00f3n con empresas extranjeras. Levant\u00f3 la voz contra la arrogancia de Pemex contra los campesinos. Impulsaba la lucha de los trabajadores del campo y de la ciudad por alcanzar una vida digna. Por todos los medios busc\u00f3 y contribuy\u00f3 a la unidad de la izquierda. Insist\u00eda en que esa izquierda deb\u00eda ganar las mentes&nbsp;&nbsp;de las masas trabajadoras para poder construir el socialismo en M\u00e9xico. Hab\u00eda que luchar por la eliminaci\u00f3n del sistema capitalista para lo cual era estrat\u00e9gico un r\u00e9gimen de democracia-nacional-popular-revolucionaria. Se opuso f\u00e9rreamente al neoliberalismo. Propiciaba la discusi\u00f3n como elemento central para examinar los problemas y tomar acuerdos colectivos. Preparaba cuidadosamente documentos que abrieran esa discusi\u00f3n. Una vez que \u00e9sta se daba totalmente, se pod\u00eda llegar a conclusiones que todos deb\u00edan asumir. Impulsaba una interpretaci\u00f3n colectiva que daba legitimidad a los acuerdos. Siempre fue partidario de pensar por cabeza propia, y no supeditarse a consignas impuestas. Fue un impulsor de la cr\u00edtica hacia afuera y al interior de las organizaciones de izquierda. Estaba convencido de las potencialidades de la creaci\u00f3n de un socialismo aut\u00f3ctono, y no estatal, sino social. Sab\u00eda que el socialismo real hab\u00eda ca\u00eddo en crisis, pero eso no cerraba las puertas a un socialismo desde abajo, y profundamente democr\u00e1tico. Hac\u00eda ver que era una gran falsedad y dogma el que el mercado fuera el organizador de la sociedad. Crec\u00eda el n\u00famero de v\u00edctimas del mercado, que era incapaz de resolver los problemas de las grandes injusticias. MAV tambi\u00e9n se fue abriendo a los planteamientos&nbsp;&nbsp;del cuidado ecol\u00f3gico del planeta. Hac\u00eda lo que estaba a su alcance para que el pueblo perdiera sus utop\u00edas. Aunque era promotor de la unidad, tambi\u00e9n aquilataba la pluralidad, y la convergencia para poder variar la correlaci\u00f3n de fuerzas en beneficio de los intereses mayoritarios del pueblo. MAV muri\u00f3 antes del cambio de siglo.&nbsp;En el adi\u00f3s que le escribi\u00f3 Elena Ponatiowska dijo que era \u201cdulce y alegre como el pan que hac\u00eda, en los ademanes y en el rostro del&nbsp;<em>Rat\u00f3n<\/em>&nbsp;Velasco hab\u00eda travesura. Escuchaba con paciencia, no sin un dejo de iron\u00eda en sus ojos alertas y oscuros. Re\u00eda con todos sus dientes. No hac\u00eda aspavientos ni entraba partiendo plaza. Guard\u00f3 siempre un enorme pudor, como muchos hombres de izquierda de su \u00e9poca, que se la pasaron haci\u00e9ndose menos. (\u2026). Lo quer\u00edan sus compa\u00f1eros, incluso los anticomunistas (\u2026), con Miguel Angel Velasco desaparece toda una \u00e9poca de la izquierda mexicana dispuesta a dar la vida por un ideal\u201d (<a href=\"https:\/\/www.jornada.com.mx\/1999\/10\/26\/cul3.html\">https:\/\/www.jornada.com.mx\/1999\/10\/26\/cul3.html<\/a>).Fue un revolucionario del siglo XX, abierto a los movimientos que contribu\u00edan al cambio social, el cual necesita gran dosis de aut\u00e9ntica democracia. Estoy seguro de que si viviera en estos tiempos estar\u00eda en las filas de los defensores de la naturaleza, en contra de los despojos a los pueblos originarios y reforzar\u00eda las filas anticapitalistas, anticolonialistas y tambi\u00e9n las antipatriarcales.&nbsp;<\/p>\n","protected":false},"excerpt":{"rendered":"<p>Antes de que irrumpiera la pandemia, a inicios de 2020, en el INAH se present\u00f3&nbsp;&nbsp;una autobiograf\u00eda de Miguel \u00c1ngel Velasco (MAV) con el t\u00edtulo&nbsp;La vida de un comunista.&nbsp;No se trata propiamente de una autobiograf\u00eda que MAV hubiera escrito con ese prop\u00f3sito, pues es una recopilaci\u00f3n de notas, escritos y audios de diferentes etapas de este &#8230; <a title=\"MIGUEL \u00c1NGEL VELASCO, UNA S\u00cdNTESIS DE SU TRAYECTORIA REVOLUCIONARIA\" class=\"read-more\" href=\"https:\/\/revistamemoria.mx\/?p=3461\" aria-label=\"Leer m\u00e1s sobre MIGUEL \u00c1NGEL VELASCO, UNA S\u00cdNTESIS DE SU TRAYECTORIA REVOLUCIONARIA\">Leer m\u00e1s<\/a><\/p>\n","protected":false},"author":307,"featured_media":0,"comment_status":"closed","ping_status":"closed","sticky":false,"template":"","format":"standard","meta":{"footnotes":""},"categories":[38],"tags":[],"class_list":["post-3461","post","type-post","status-publish","format-standard","hentry","category-hacer-memoria"],"_links":{"self":[{"href":"https:\/\/revistamemoria.mx\/index.php?rest_route=\/wp\/v2\/posts\/3461","targetHints":{"allow":["GET"]}}],"collection":[{"href":"https:\/\/revistamemoria.mx\/index.php?rest_route=\/wp\/v2\/posts"}],"about":[{"href":"https:\/\/revistamemoria.mx\/index.php?rest_route=\/wp\/v2\/types\/post"}],"author":[{"embeddable":true,"href":"https:\/\/revistamemoria.mx\/index.php?rest_route=\/wp\/v2\/users\/307"}],"replies":[{"embeddable":true,"href":"https:\/\/revistamemoria.mx\/index.php?rest_route=%2Fwp%2Fv2%2Fcomments&post=3461"}],"version-history":[{"count":1,"href":"https:\/\/revistamemoria.mx\/index.php?rest_route=\/wp\/v2\/posts\/3461\/revisions"}],"predecessor-version":[{"id":3462,"href":"https:\/\/revistamemoria.mx\/index.php?rest_route=\/wp\/v2\/posts\/3461\/revisions\/3462"}],"wp:attachment":[{"href":"https:\/\/revistamemoria.mx\/index.php?rest_route=%2Fwp%2Fv2%2Fmedia&parent=3461"}],"wp:term":[{"taxonomy":"category","embeddable":true,"href":"https:\/\/revistamemoria.mx\/index.php?rest_route=%2Fwp%2Fv2%2Fcategories&post=3461"},{"taxonomy":"post_tag","embeddable":true,"href":"https:\/\/revistamemoria.mx\/index.php?rest_route=%2Fwp%2Fv2%2Ftags&post=3461"}],"curies":[{"name":"wp","href":"https:\/\/api.w.org\/{rel}","templated":true}]}}