{"id":3693,"date":"2022-11-18T21:17:10","date_gmt":"2022-11-19T03:17:10","guid":{"rendered":"https:\/\/revistamemoria.mx\/?p=3693"},"modified":"2022-11-19T14:59:06","modified_gmt":"2022-11-19T20:59:06","slug":"salarios-empleo-y-niveles-de-pobreza-en-la-4t","status":"publish","type":"post","link":"https:\/\/revistamemoria.mx\/?p=3693","title":{"rendered":"SALARIOS, EMPLEO Y NIVELES DE\u00a0 POBREZA EN LA 4T"},"content":{"rendered":"\n<p><\/p>\n\n\n\n<p>Hemos pasado por una \u00e9poca catastr\u00f3fica para los asalariados mexicanos. La baja tasa de crecimiento econ\u00f3mico, el cada vez m\u00e1s d\u00e9bil ritmo de creaci\u00f3n de puestos de trabajo y la eliminaci\u00f3n de todas las restricciones legales a la explotaci\u00f3n, condujeron a una brutal ca\u00edda de las remuneraciones&nbsp;&nbsp;y a la precarizaci\u00f3n generalizada del trabajo. Los salarios m\u00ednimos perdieron dos terceras partes de su poder adquisitivo, la informalidad super\u00f3 el sesenta por ciento y generaciones enteras se acostumbraron a laborar sin prestaciones (como el derecho a una pensi\u00f3n digna, la posibilidad de una vivienda propia o el acceso a servicios de salud p\u00fablica). Ser pobre y desprotegido a pesar de trabajar con ah\u00ednco, -incluso padeciendo jornadas m\u00e1s prolongadas e intensas que muchos otros pa\u00edses-&nbsp;&nbsp;fue la triste realidad para millones de mexicanos.<\/p>\n\n\n\n<p>Esto no fue un \u201cda\u00f1o colateral\u201d o una consecuencia accidental. Como en el resto del mundo, fue el resultado necesario de un programa&nbsp;&nbsp;que deliberadamente se propuso conseguir una reversi\u00f3n de las conquistas sociales de la clase trabajadora y una disminuci\u00f3n de su participaci\u00f3n en la riqueza social. El empobrecimiento de los asalariados constituy\u00f3 el eje central del modelo neoliberal. Como rasgo estructural, por tanto, no pod\u00eda remediarse mediante las pol\u00edticas focalizadas de combate a la pobreza tan populares en esos tiempos. Y los datos demuestran que todo intento de paliar sin mejorar los indicadores salariales fracasaron rotundamente.<\/p>\n\n\n\n<p>La salida de este laberinto implicaba una modificaci\u00f3n de las condiciones econ\u00f3micas generales y del car\u00e1cter del Estado mexicano. S\u00f3lo la derrota -aunque parcial- del bloque neoliberal pod\u00eda frenar la curva descendente de los salarios y conducir a la restauraci\u00f3n de algunos diques de contenci\u00f3n contra la explotaci\u00f3n extrema del trabajo. La victoria electoral de la Cuarta Transformaci\u00f3n alent\u00f3 las esperanzas en esa direcci\u00f3n, sobre todo porque coloc\u00f3 a la redistribuci\u00f3n de la riqueza en un lugar estelar de su programa pol\u00edtico.&nbsp;<\/p>\n\n\n\n<p>Y, efectivamente, podemos se\u00f1alar algunos avances en esa direcci\u00f3n:&nbsp;<\/p>\n\n\n\n<ul class=\"wp-block-list\">\n<li>En primer lugar, La 4T implement\u00f3 una amplia dispersi\u00f3n y multiplicaci\u00f3n de los apoyos sociales. A trav\u00e9s de programas y becas se ha impactado en los ingresos de 25 millones de hogares (70 por ciento de las familias mexicanas)&nbsp;aproximadamente, con un presupuesto que ha crecido en 26 por ciento en lo que va del sexenio y que en 2022 tuvo el aumento m\u00e1s considerable de los \u00faltimos quince a\u00f1os. Sometido a la visceral cr\u00edtica de la oposici\u00f3n es indudable que estos apoyos han funcionado como tabla de salvaci\u00f3n para las pauperizadas familias mexicanas, aunque su impacto sobre el mercado interno y la reactivaci\u00f3n de las regiones econ\u00f3micas todav\u00eda est\u00e1n por evaluarse.&nbsp;<\/li>\n\n\n\n<li>En segundo lugar, el gobierno encabezado por Andr\u00e9s Manuel L\u00f3pez Obrador emprendi\u00f3 una pol\u00edtica de incrementos continuos del golpead\u00edsimo salario m\u00ednimo. Durante los primeros tres a\u00f1os de gobierno \u00e9stos han sido de 16.21, 20 y 15 por ciento, de tal forma que el salario m\u00ednimo fue de 102.68 pesos diarios en 2019, 123.22 en 2020 y 141.70 en 2021. As\u00ed, mensualmente, pas\u00f3 de 3 121.47 pesos en el primer a\u00f1o, a 3 745.89 en 2020 y 4 307.68 en 2021. Aunque manifiestamente insuficientes para revertir el rezago hist\u00f3rico, estos incrementos fueron los primeros en m\u00e1s de cuarenta a\u00f1os en medio de una situaci\u00f3n deplorable donde 52 por ciento de la poblaci\u00f3n no alcanza a comprar la canasta m\u00ednima y 20 por ciento carece de ingresos suficientes para adquirir la canasta alimentaria.&nbsp;<\/li>\n\n\n\n<li>En tercer lugar, se instrumentaron una serie de reformas jur\u00eddicas orientadas a contener la precarizaci\u00f3n e informalizaci\u00f3n del trabajo y a incrementar el nivel de empleo formal. Destacadamente, se modific\u00f3 la Ley Federal en la materia para contener el outsourcing, una de las modalidades m\u00e1s lesivas de los derechos laborales, que hab\u00eda sido alentada gracias a la reforma de 2013. Este hecho no fue menor&nbsp;si tomamos&nbsp;en cuenta que entre 4 y 10 millones de mexicanos, dependiendo de las fuentes, padec\u00eda esta condici\u00f3n. Como consecuencia de la reforma impulsada por la 4T, tres millones de trabajadores migraron del esquema de outsourcing a uno con seguridad social. Igualmente, est\u00e1 en puerta una iniciativa de ley para regular el trabajo por aplicaciones reconociendo los derechos laborales de quienes se desempe\u00f1an en este novedoso \u00e1mbito.<\/li>\n<\/ul>\n\n\n\n<p>Esta trayectoria de reparaci\u00f3n del da\u00f1o sufrido por los asalariados fue bruscamente interrumpida por la pandemia de coronavirus y sus consecuencias econ\u00f3micas. Como es conocido, las restricciones a la movilidad humana y el contacto social tuvieron severas consecuencias sobre el nivel de la actividad productiva, agudizando una din\u00e1mica que ya estaba en aprietos debido a las tendencias al estancamiento que la econom\u00eda mundial ven\u00eda mostrando desde 2019. Los paros en la producci\u00f3n manufacturera y en los servicios, la dislocaci\u00f3n de las cadenas mundiales de valor, la disminuci\u00f3n de los gastos de inversi\u00f3n y del consumo, adem\u00e1s de la salida de capitales y la ca\u00edda de los precios internacionales del petr\u00f3leo y otras materias primas, fueron factores que produjeron una de las crisis m\u00e1s severas en la historia de M\u00e9xico, expresada en una ca\u00edda del Producto Interno Bruto (PIB) de 8 por ciento. Adem\u00e1s, el nivel de empleo se retrajo, perdi\u00e9ndose casi un mill\u00f3n de empleos formales, y los indicadores de pobreza experimentaron una notable involuci\u00f3n.&nbsp;&nbsp;Esto explica el aumento de la poblaci\u00f3n en situaci\u00f3n de pobreza, que pas\u00f3 de 41.9 a 43.9 por ciento y de la que vive en pobreza extrema, que creci\u00f3 de 7 a 8.5 por ciento, de acuerdo con las cifras del Consejo Nacional de Evaluaci\u00f3n de la Pol\u00edtica de Desarrollo Social (CONEVAL). En la misma sinton\u00eda, el indicador de pobreza laboral -que se\u00f1ala el porcentaje de mexicanos que viven con un ingreso por debajo de lo necesario para adquirir la canasta m\u00ednima-, mismo que hab\u00eda ca\u00eddo 4 puntos de 2018 a 2019, pasando de 40.7 a 36.6 (la tasa m\u00e1s baja en 12 a\u00f1os), experiment\u00f3 un brusco repunte a consecuencia de la pandemia hasta alcanzar 46 por ciento en 2020.<\/p>\n\n\n\n<p>No obstante, la recuperaci\u00f3n econ\u00f3mica fue relativamente r\u00e1pida y estuvo apuntalada por algunos aciertos por parte del Gobierno Federal, sobre todo su negativa a generar un mayor nivel de endeudamiento y subsidiar a los grandes monopolios. Adem\u00e1s, es indudable que la Cuarta Transformaci\u00f3n reforz\u00f3 su estrategia redistributiva despu\u00e9s de la pandemia y a pesar del repunte inflacionario provocado por \u00e9sta y por la guerra de Rusia contra Ucrania: el gasto destinado a la protecci\u00f3n social tuvo un incremento de 12.8 por ciento en 2022 y tendr\u00e1 otro de igual magnitud (12.7 por ciento) en 2023, de forma que pasar\u00e1 de 1 bill\u00f3n 477.2 mil millones a&nbsp;1 bill\u00f3n 750.9 mil millones de pesos. La pensi\u00f3n para adultos mayores aumentar\u00e1 de los 3 850 pesos bimestrales de la actualidad a 4 800 en 2023 y poco m\u00e1s de 6 000 en 2024.<\/p>\n\n\n\n<p>Y tanto la recuperaci\u00f3n econ\u00f3mica como el mayor esfuerzo en el gasto social han generado algunas se\u00f1ales alentadoras en los indicadores que interesan a los asalariados mexicanos y a las grandes mayor\u00edas depauperadas por el neoliberalismo:<\/p>\n\n\n\n<ul class=\"wp-block-list\">\n<li>Se recuper\u00f3 el nivel de empleo anterior a la pandemia e, incluso, el empleo formal en el sector privado \u2013con seguridad social y prestaciones-, medido de acuerdo con los registros del Instituto&nbsp;Mexicano del Seguro Social (IMSS), alcanz\u00f3 en agosto de 2022 la mejor cifra para ese mes en 20 a\u00f1os, con 157 400 puestos de nueva creaci\u00f3n (lo que supera la meta de 100,000 nuevos empleos mensuales considerados suficientes para ocupar a los individuos que se incorporan a la Poblaci\u00f3n Econ\u00f3micamente&nbsp;Activa), aunque en los ocho meses que van del a\u00f1o se han creado&nbsp;616,718 empleos de los&nbsp;800 000 establecidos como meta, lo que deja un d\u00e9ficit de 183 282.<\/li>\n\n\n\n<li>De acuerdo con el IMSS, al cierre de agosto de 2022 el salario base de cotizaci\u00f3n promedio de los empleos registrados en esa instituci\u00f3n era de 484.3 pesos diarios, lo que representa un incremento nominal de 11.5 por ciento, el m\u00e1s alto de los \u00faltimos veinte a\u00f1os. Y desde 2019 este salario ha experimentado incrementos iguales o superiores a 6 por ciento.&nbsp;&nbsp;Por su parte, el salario m\u00ednimo aument\u00f3 22 por ciento en 2022, el mayor incremento en 34 a\u00f1os, con lo que pas\u00f3 de 141.70 a 172. 87 pesos diarios. Con esto, las remuneraciones en el sector formal acumular\u00e1n un 38 por ciento de aumento en lo que va del sexenio, mientras los salarios m\u00ednimos lo har\u00e1n en 64 por ciento.&nbsp;<\/li>\n\n\n\n<li>El indicador de pobreza laboral retom\u00f3 su trayectoria descendente para situarse en 38.3 por ciento en el segundo trimestre de 2022, una cifra m\u00e1s alta que el 36.6 por ciento anterior a la emergencia sanitaria pero indudablemente m\u00e1s baja que cualquiera de las correspondientes al anterior sexenio.&nbsp;&nbsp;De acuerdo con el CONEVAL, esta disminuci\u00f3n&nbsp;se debe principalmente a un mayor n\u00famero de personas ocupadas que abona al aumento del ingreso disponible en los hogares. Tambi\u00e9n se debe al aumento en el ingreso laboral real per c\u00e1pita que, entre el segundo trimestre de 2021 y el segundo trimestre de 2022, aument\u00f3 4.8&nbsp;por ciento, al pasar de $2,747.68 a $2,880.91, lo que significan $133.23 pesos m\u00e1s de un periodo a otro.<\/li>\n<\/ul>\n\n\n\n<p>Como se puede ver, los retos derivados de la situaci\u00f3n heredada por la Cuarta Transformaci\u00f3n en materia de empleo, salarios y pobreza son may\u00fasculos y los avances iniciales fueron interrumpidos por la pandemia y por el repunte inflacionario que experimenta la econom\u00eda mundial en la actualidad. Pero hay signos de que se est\u00e1n mejorando los indicadores a pesar de las adversidades. En adelante, todo depender\u00e1 de la profundizaci\u00f3n del car\u00e1cter redistributivo del r\u00e9gimen en el poder y del mejoramiento de las perspectivas econ\u00f3micas. En un caso bastar\u00e1 la voluntad pol\u00edtica, pero en el otro ser\u00e1 necesario tambi\u00e9n un poco de fortuna.&nbsp;&nbsp;<\/p>\n","protected":false},"excerpt":{"rendered":"<p>Hemos pasado por una \u00e9poca catastr\u00f3fica para los asalariados mexicanos. La baja tasa de crecimiento econ\u00f3mico, el cada vez m\u00e1s d\u00e9bil ritmo de creaci\u00f3n de puestos de trabajo y la eliminaci\u00f3n de todas las restricciones legales a la explotaci\u00f3n, condujeron a una brutal ca\u00edda de las remuneraciones&nbsp;&nbsp;y a la precarizaci\u00f3n generalizada del trabajo. Los salarios &#8230; <a title=\"SALARIOS, EMPLEO Y NIVELES DE\u00a0 POBREZA EN LA 4T\" class=\"read-more\" href=\"https:\/\/revistamemoria.mx\/?p=3693\" aria-label=\"Leer m\u00e1s sobre SALARIOS, EMPLEO Y NIVELES DE\u00a0 POBREZA EN LA 4T\">Leer m\u00e1s<\/a><\/p>\n","protected":false},"author":343,"featured_media":0,"comment_status":"closed","ping_status":"closed","sticky":false,"template":"","format":"standard","meta":{"footnotes":""},"categories":[25],"tags":[],"class_list":["post-3693","post","type-post","status-publish","format-standard","hentry","category-mexico"],"_links":{"self":[{"href":"https:\/\/revistamemoria.mx\/index.php?rest_route=\/wp\/v2\/posts\/3693","targetHints":{"allow":["GET"]}}],"collection":[{"href":"https:\/\/revistamemoria.mx\/index.php?rest_route=\/wp\/v2\/posts"}],"about":[{"href":"https:\/\/revistamemoria.mx\/index.php?rest_route=\/wp\/v2\/types\/post"}],"author":[{"embeddable":true,"href":"https:\/\/revistamemoria.mx\/index.php?rest_route=\/wp\/v2\/users\/343"}],"replies":[{"embeddable":true,"href":"https:\/\/revistamemoria.mx\/index.php?rest_route=%2Fwp%2Fv2%2Fcomments&post=3693"}],"version-history":[{"count":1,"href":"https:\/\/revistamemoria.mx\/index.php?rest_route=\/wp\/v2\/posts\/3693\/revisions"}],"predecessor-version":[{"id":3694,"href":"https:\/\/revistamemoria.mx\/index.php?rest_route=\/wp\/v2\/posts\/3693\/revisions\/3694"}],"wp:attachment":[{"href":"https:\/\/revistamemoria.mx\/index.php?rest_route=%2Fwp%2Fv2%2Fmedia&parent=3693"}],"wp:term":[{"taxonomy":"category","embeddable":true,"href":"https:\/\/revistamemoria.mx\/index.php?rest_route=%2Fwp%2Fv2%2Fcategories&post=3693"},{"taxonomy":"post_tag","embeddable":true,"href":"https:\/\/revistamemoria.mx\/index.php?rest_route=%2Fwp%2Fv2%2Ftags&post=3693"}],"curies":[{"name":"wp","href":"https:\/\/api.w.org\/{rel}","templated":true}]}}