{"id":3798,"date":"2023-04-13T21:20:16","date_gmt":"2023-04-14T03:20:16","guid":{"rendered":"https:\/\/revistamemoria.mx\/?p=3798"},"modified":"2023-04-13T21:20:16","modified_gmt":"2023-04-14T03:20:16","slug":"tenia-que-ser-mujer","status":"publish","type":"post","link":"https:\/\/revistamemoria.mx\/?p=3798","title":{"rendered":"\u00bf\u201cTEN\u00cdA QUE SER MUJER\u201d?"},"content":{"rendered":"\n<p>Desde que tengo memoria, sin importar en d\u00f3nde me encuentre, vengo escuchando a innumerables automovilistas ofuscados que, ante el menor inconveniente de tr\u00e1nsito, ladran el cl\u00e1sico rega\u00f1o machista, cargado de desprecio&nbsp;<em>\u00a1ten\u00eda que ser mujer!<\/em>&nbsp;Gracias a la rebeld\u00eda propia de las palabras, hace un tiempo que esa misma reprensi\u00f3n, en otro contexto, a mi parecer, cobra un vuelo y un brillo insospechados por cualquier malhumorado conductor que se pretenda juez y parte en un altercado de tr\u00e1nsito. Es que el grit\u00f3n posiblemente est\u00e9 confesando su impotencia (y falta de creatividad) al no tener elementos para enfrentarse con una conducta -cuyas razones ignora- que lo descoloca (y, sobre todo, como si \u00e9l estuviera a salvo de imprevistos que en alg\u00fan momento le impidieran cumplir -o incluso cuestionar- las reglas).<\/p>\n\n\n\n<p>Cabe aclarar que empec\u00e9 a escuchar esas palabras en acento rosarino. Al nombrar a mi ciudad natal, muchos asociar\u00e1n su nombre con la cuna de Messi o la del Che Guevara, alg\u00fan patriota la reclamar\u00e1 como \u201ccuna de la bandera\u201d (a lo cual otras, con afortunado humor, corregir\u00e1n: \u201ccuna de lavanderas\u201d como replica alegre y dignamente una lavander\u00eda ubicada en una esquina de esa misma ciudad).&nbsp;<\/p>\n\n\n\n<p>Lo cierto es que all\u00ed hay una mujer que, iniciando el milenio, revolucion\u00f3 el plan de estudios de la Facultad de Ciencias M\u00e9dicas de la Universidad Nacional de Rosario. Con algo de empe\u00f1o, es posible encontrar en internet el nombre de la doctora&nbsp;<strong>Raquel Madis Chiara<\/strong>, quien fuera decana de esa Facultad entre 1998 y 2006, logrando implantar en 2001 el plan de estudios actual.<a href=\"applewebdata:\/\/88AF20B9-F054-4FE2-ACFF-FAF0D798C15B#_ftn1\"><sup>[1]<\/sup><\/a>&nbsp;Claro que la doctora Chiara, comprometida toda su vida, por convicci\u00f3n, con causas sociales (y sin dejarse atar por ninguna bandera partidista), insiste en que ella no es la creadora de dicho plan, sino que ayud\u00f3 a impulsar -desde un puesto clave al que nunca antes hab\u00eda accedido ninguna mujer- una iniciativa que se debe a muchas otras personas tambi\u00e9n. En este camino, hace m\u00e1s de dos d\u00e9cadas, la UNR implement\u00f3 un plan de estudios integral de Medicina que, desde una concepci\u00f3n humilde y honesta de los saberes, entrena a estudiantes en la pr\u00e1ctica de escuchar a un cuerpo dotado de emociones, y a mirarlo desde una perspectiva cr\u00edtica respecto a un medio socioambiental y econ\u00f3mico que lo afecta. Un programa que, sin descuidar lo biol\u00f3gico, considera insoslayables los aspectos \u00e9tico y social. Un cuestionamiento profundo del concepto de \u201cnormalidad\u201d y de \u201csalud\u201d.<\/p>\n\n\n\n<p>Tuve noticia de la doctora Chiara por un excelente profesor de aquella Facultad cuyo plan de estudios, a contracorriente de las especializaciones obsesivas, se enfoca en la enfermedad como un hecho social. As\u00ed, dejando de lado la costumbre punitiva que versa \u201csi algo en tu cuerpo no funciona como indica la norma, algo est\u00e1s haciendo mal o lo heredaste de tus ancestros\u201d, la medicina comparece ante la \u00e9tica y la universidad no cierra los ojos ante la pol\u00edtica\u2026 La carrera de Medicina en Rosario se atrevi\u00f3 a revertir esa especializaci\u00f3n da\u00f1ina y atomizadora que, desde una mirilla, reduce al ser humano a un \u00f3rgano enfermo inconexo. En palabras de la exdecana, para ampliar el horizonte del perfil del profesional que requiere la sociedad:&nbsp;<\/p>\n\n\n\n<p>\u201cya se ha puesto en marcha el programa de m\u00e9dicos comunitarios que intenta reconvertir a los profesionales ya formados porque no est\u00e1n capacitados para ejercer las acciones de salud que se requieren en el pa\u00eds. El m\u00e9dico en su esquema de formaci\u00f3n, que es muy hegem\u00f3nico, todav\u00eda cree que tiene la posibilidad de pensar por el otro. Pero la salud no es s\u00f3lo vacunas y medicaci\u00f3n, sino tambi\u00e9n saneamiento ambiental, cloacas, trabajo digno, educaci\u00f3n&#8230;\u201d.<a href=\"applewebdata:\/\/88AF20B9-F054-4FE2-ACFF-FAF0D798C15B#_ftn2\"><sup>[2]<\/sup><\/a><\/p>\n\n\n\n<p>La m\u00e9dica rosarina, antigua directora de la Facultad durante dos per\u00edodos consecutivos, debe rondar los 80 a\u00f1os y, adem\u00e1s de haberse dedicado desde el inicio de su carrera, sin escatimar recursos propios, a hacer llegar vacunas y sanidad a los lugares hist\u00f3ricamente desatendidos, cuenta que se dej\u00f3 ense\u00f1ar por otros saberes, por ejemplo, los de comadronas y curanderas. Es esperanzador ver c\u00f3mo el enfoque de la salud, en un trabajo transdisciplinario comprometido (en di\u00e1logo horizontal con filosof\u00eda, psicoan\u00e1lisis, sociolog\u00eda, econom\u00eda, ecolog\u00eda, entre otras) es capaz de cambiar el rumbo de un enfoque individualista de especializaci\u00f3n a uno integral y social cuyo objetivo es el de \u201chumanizar a los futuros m\u00e9dicos\u201d. Ya egresaron varias generaciones de facultativos formados en ese marco -que, por supuesto, siempre es mejorable- en el cual se concibe a la medicina como servicio social y no como un servicio de la sociedad a los intereses privados. Se trata del dif\u00edcil aprendizaje de la humildad para una profesi\u00f3n tan empoderada que, como recuerda esta m\u00e9dica, es la \u00fanica ante la cual, hasta el m\u00e1s poderoso, al desnudarse, expone su ineludible vulnerabilidad. Ponemos nuestras&nbsp;<em>vidas<\/em>&nbsp;en manos de los m\u00e9dicos.&nbsp;<\/p>\n\n\n\n<p>Claro que esta inquietud no es exclusiva de la Universidad Nacional de Rosario; pero all\u00ed, hace m\u00e1s de dos d\u00e9cadas, una mujer directora se anim\u00f3 a cuestionar las normas hegem\u00f3nicas cambiando el rumbo del programa de formaci\u00f3n de los profesionales de la salud. El entorno socioecon\u00f3mico puede ser decisivo para las condiciones de salud (la alimentaci\u00f3n con base en productos industrializados, la contaminaci\u00f3n de los suelos y el agua por el uso de pesticidas y fertilizantes, as\u00ed como la angustia ante la falta de trabajo, son parte de una larga lista de factores muy diversos).<\/p>\n\n\n\n<p>Narro esto porque me parece que, en el M\u00e9xico de la cuarta transformaci\u00f3n, la pol\u00edtica de salud p\u00fablica est\u00e1 esforz\u00e1ndose por hacer un cambio de rumbo en esa direcci\u00f3n (algo as\u00ed se vio cuando durante la pandemia, y con el fin de reducir las comorbilidades, se implement\u00f3 cierto intercambio de saberes en el marco de la \u201cintervenci\u00f3n comunitaria\u201d que atend\u00eda con mucho respeto a la milpa). Sin embargo, creo que la universidad p\u00fablica est\u00e1 tardando en acompa\u00f1arla. Con tantos rectores m\u00e9dicos que hemos tenido en la UNAM, cabe preguntarse por qu\u00e9 todav\u00eda ese cambio tan necesario no se produce aqu\u00ed\u2026 Pues, como indicaba la doctora Chiara, en Rosario, hace 17 a\u00f1os:<\/p>\n\n\n\n<p>\u201cHay ciertos aspectos de la autonom\u00eda que son intocables, como la libertad de c\u00e1tedra, el r\u00e9gimen de concurso y la forma de gobierno, pero hay toda otra serie de acciones de la universidad que tiene que estar acorde a las pol\u00edticas de Estado. Sin embargo, hay una universidad metida entre muros defendiendo la autonom\u00eda, que en este \u00faltimo aspecto termina en aislamiento, sin enterarse de la realidad y de lo que est\u00e1 demandando la sociedad.\u201d<\/p>\n\n\n\n<p>Aunque resuene tan cerca en los actuales reclamos de \u201cautonom\u00eda\u201d, no s\u00f3lo universitaria, sino de los poderes en nuestro M\u00e9xico de la 4T, recuerdo a quien me lee que Chiara se refer\u00eda a una universidad argentina. Pero \u00bfc\u00f3mo no leer a la luz de esta descripci\u00f3n, aqu\u00ed y ahora, la pretendida defensa de \u201cautonom\u00eda\u201d por parte de un poder judicial o de un instituto electoral, que -a golpes de medios de informaci\u00f3n mercenarios- intentan amedrentar a los mexicanos disfrazando de&nbsp;<em>autonom\u00eda<\/em>&nbsp;a su escandalosa trinchera de privilegios?&nbsp;<\/p>\n\n\n\n<p>Inici\u00e9 este texto evocando mi ciudad de nacimiento. Si bien&nbsp;<em>nac\u00ed<\/em>&nbsp;en Rosario, casi tres d\u00e9cadas m\u00e1s tarde, en la Ciudad de M\u00e9xico,&nbsp;<em>renac\u00ed<\/em>. Aunque&nbsp;<em>me acun\u00f3<\/em>&nbsp;la Universidad Nacional de Rosario,<em>&nbsp;fui criada<\/em>&nbsp;por la Universidad Nacional Aut\u00f3noma de M\u00e9xico y -entre patria y matria- encuentro prometedores vasos comunicantes (como esta cita que alude a muros tan significativos, aqu\u00ed y ahora).<\/p>\n\n\n\n<p>La exdecana de la UNR insta a que, en su ejercicio humilde, los saberes cient\u00edficos asuman su vulnerabilidad y responsabilidad social (y explica -libre de esencialismos- que su condici\u00f3n de&nbsp;<em>mujer<\/em>&nbsp;le permite concebirlo as\u00ed).<a href=\"applewebdata:\/\/88AF20B9-F054-4FE2-ACFF-FAF0D798C15B#_ftn3\"><sup>[3]<\/sup><\/a>&nbsp;Al admitir con honestidad las limitaciones y la responsabilidad por la crisis planetaria, el mundo cient\u00edfico debe renunciar a la comodidad de los privilegios a fin de atreverse a explorar alternativas necesarias entre los saberes.&nbsp;<\/p>\n\n\n\n<p>En este contexto cr\u00edtico, imagino un di\u00e1logo entre la experiencia de la exdecana de la FCM de la UNR y las palabras que escandalizaron, tanto a o\u00eddos de derecha como de izquierda, provenientes de una bi\u00f3loga mexicana. Me refiero a cuando la actual directora del Conacyt, la doctora Mar\u00eda Elena \u00c1lvarez-Buylla, puso el ep\u00edteto de\u00a0<em>neoliberal<\/em>\u00a0a determinado ejercicio hegem\u00f3nico de la ciencia que hace alarde de ser \u201capol\u00edtico\u201d mientras usa recursos p\u00fablicos para servir a intereses privados. Las palabras de \u00c1lvarez-Buylla, a luz de las ense\u00f1anzas de Chiara, no hacen sino se\u00f1alar la funcionalidad y complicidad pol\u00edtica que ha tenido el ejercicio cient\u00edfico hegem\u00f3nico para un sistema productor de los males que -siguiendo el m\u00e9todo del Bar\u00f3n de M\u00fcnchhausen- se exige a esta misma ciencia remediar. Como aquel valiente que se atrevi\u00f3 a decirle al rey que iba desnudo, desde lugares clave, tanto Chiara como \u00c1lvarez-Buylla pusieron al descubierto la responsabilidad moral de no seguir confundiendo autonom\u00eda con cotos de poder, o servicio p\u00fablico con entreguismo a los poderes f\u00e1cticos.<\/p>\n\n\n\n<p>A la luz de este di\u00e1logo imaginado, respondiendo a la pregunta que da t\u00edtulo a estas reflexiones: para atreverse a hacer o\u00edr lo inaudito, es decir, cuestionar la normalizaci\u00f3n de aquello que todo un sistema meritocr\u00e1tico y punitivista se esfuerza por perpetuar como \u00fanica realidad posible, mostrando a la vez que es tan factible como urgente se\u00f1alar las mezquindades, compromisos pol\u00edticos y prepotencias del saber hegem\u00f3nico, Raquel Madis Chiara y Mar\u00eda Elena \u00c1lvarez-Buylla, \u00a1ten\u00edan que ser mujeres!<\/p>\n\n\n\n<hr class=\"wp-block-separator has-alpha-channel-opacity\"\/>\n\n\n\n<p>* Texto no apto para quienes se desgarran las vestiduras ante la expresi\u00f3n \u201cciencia neoliberal\u201d. Aprovecho a agradecer al Dr. Carlos Alberto Mart\u00ednez, profesor con enorme vocaci\u00f3n docente de la FCM de la UNR, que me ha hecho conocer el nombre y obra de la Dra. Chiara.<\/p>\n\n\n\n<p><a href=\"applewebdata:\/\/88AF20B9-F054-4FE2-ACFF-FAF0D798C15B#_ftnref1\"><sup>[1]<\/sup><\/a>\u00a0Puede verse su foto junto a la de los otros decanos en\u00a0<a href=\"https:\/\/www.fucimed.org\/actividades-ampliada.php?id=186\">https:\/\/www.fucimed.org\/actividades-ampliada.php?id=186<\/a><\/p>\n\n\n\n<p><a href=\"applewebdata:\/\/88AF20B9-F054-4FE2-ACFF-FAF0D798C15B#_ftnref2\"><sup>[2]<\/sup><\/a>&nbsp;Entrevista realizada por Adri\u00e1n Gerber en el diario&nbsp;<em>La Capital<\/em>, 13 de marzo de 2005 https:\/\/archivo.lacapital.com.ar\/2005\/03\/13\/ciudad\/noticia_178685.shtml<\/p>\n\n\n\n<p><a href=\"applewebdata:\/\/88AF20B9-F054-4FE2-ACFF-FAF0D798C15B#_ftnref3\"><sup>[3]<\/sup><\/a>&nbsp;Lejos de \u201cmujerismos\u201d: basta se\u00f1alar que el actual poder judicial est\u00e1 presidido por la prepotente Norma Pi\u00f1a quien, tomando al pie de la letra su nombre de pila, cree encarnar la Ley\u2026<\/p>\n","protected":false},"excerpt":{"rendered":"<p>Desde que tengo memoria, sin importar en d\u00f3nde me encuentre, vengo escuchando a innumerables automovilistas ofuscados que, ante el menor inconveniente de tr\u00e1nsito, ladran el cl\u00e1sico rega\u00f1o machista, cargado de desprecio&nbsp;\u00a1ten\u00eda que ser mujer!&nbsp;Gracias a la rebeld\u00eda propia de las palabras, hace un tiempo que esa misma reprensi\u00f3n, en otro contexto, a mi parecer, cobra &#8230; <a title=\"\u00bf\u201cTEN\u00cdA QUE SER MUJER\u201d?\" class=\"read-more\" href=\"https:\/\/revistamemoria.mx\/?p=3798\" aria-label=\"Leer m\u00e1s sobre \u00bf\u201cTEN\u00cdA QUE SER MUJER\u201d?\">Leer m\u00e1s<\/a><\/p>\n","protected":false},"author":160,"featured_media":0,"comment_status":"closed","ping_status":"closed","sticky":false,"template":"","format":"standard","meta":{"footnotes":""},"categories":[167],"tags":[],"class_list":["post-3798","post","type-post","status-publish","format-standard","hentry","category-emergencia-feminista"],"_links":{"self":[{"href":"https:\/\/revistamemoria.mx\/index.php?rest_route=\/wp\/v2\/posts\/3798","targetHints":{"allow":["GET"]}}],"collection":[{"href":"https:\/\/revistamemoria.mx\/index.php?rest_route=\/wp\/v2\/posts"}],"about":[{"href":"https:\/\/revistamemoria.mx\/index.php?rest_route=\/wp\/v2\/types\/post"}],"author":[{"embeddable":true,"href":"https:\/\/revistamemoria.mx\/index.php?rest_route=\/wp\/v2\/users\/160"}],"replies":[{"embeddable":true,"href":"https:\/\/revistamemoria.mx\/index.php?rest_route=%2Fwp%2Fv2%2Fcomments&post=3798"}],"version-history":[{"count":1,"href":"https:\/\/revistamemoria.mx\/index.php?rest_route=\/wp\/v2\/posts\/3798\/revisions"}],"predecessor-version":[{"id":3799,"href":"https:\/\/revistamemoria.mx\/index.php?rest_route=\/wp\/v2\/posts\/3798\/revisions\/3799"}],"wp:attachment":[{"href":"https:\/\/revistamemoria.mx\/index.php?rest_route=%2Fwp%2Fv2%2Fmedia&parent=3798"}],"wp:term":[{"taxonomy":"category","embeddable":true,"href":"https:\/\/revistamemoria.mx\/index.php?rest_route=%2Fwp%2Fv2%2Fcategories&post=3798"},{"taxonomy":"post_tag","embeddable":true,"href":"https:\/\/revistamemoria.mx\/index.php?rest_route=%2Fwp%2Fv2%2Ftags&post=3798"}],"curies":[{"name":"wp","href":"https:\/\/api.w.org\/{rel}","templated":true}]}}