{"id":3837,"date":"2023-08-05T17:18:22","date_gmt":"2023-08-05T23:18:22","guid":{"rendered":"https:\/\/revistamemoria.mx\/?p=3837"},"modified":"2023-08-05T17:20:17","modified_gmt":"2023-08-05T23:20:17","slug":"pandemia-e-inflacion","status":"publish","type":"post","link":"https:\/\/revistamemoria.mx\/?p=3837","title":{"rendered":"PANDEMIA E INFLACI\u00d3N"},"content":{"rendered":"\n<p>La aparici\u00f3n de la\u00a0COVID-19\u00a0en la provincia china de Wu Han y su elevaci\u00f3n al rango de amenaza mundial puede considerarse como un fen\u00f3meno pocas veces visto en la historia mundial. Es probable que s\u00f3lo tenga parang\u00f3n con la peste negra y la fiebre espa\u00f1ola, que provocaron cambios civilizatorios y geopol\u00edticos considerables, am\u00e9n de un n\u00famero hist\u00f3rico de muertes. Aunque todav\u00eda no estamos en posibilidades de medir de forma definitiva los efectos de la pandemia sobre la vida de millones de personas alrededor del mundo, es un hecho que constituy\u00f3 un aut\u00e9ntico parteaguas y un elemento que modific\u00f3 h\u00e1bitos culturales y de higiene, tendencias econ\u00f3micas, aspectos sustanciales de la administraci\u00f3n p\u00fablica y \u00e1mbitos destacados de las relaciones internacionales, entre otros muchos aspectos.<\/p>\n\n\n\n<p>Si bien, no comulgamos con la idea de que el coronavirus gener\u00f3 una din\u00e1mica tendiente a la superaci\u00f3n del capitalismo \u2013al supuestamente desatar sinergias colaborativas y agudizar las contradicciones de la econom\u00eda mundial, como lo piensa&nbsp;Slavoj \u017di\u017eek\u2013 existe evidencia de que propici\u00f3 fen\u00f3menos que nos permiten hablar de un punto de inflexi\u00f3n en la trayectoria hist\u00f3rica de este modo de producci\u00f3n. El grave impacto sobre las sociedades europea y norteamericana, en comparaci\u00f3n con el experimentado por China y el resto de Asia, seguramente empujaron m\u00e1s decididamente el proceso, que ya se ven\u00eda experimentado, de traspaso de la hegemon\u00eda mundial.&nbsp;<\/p>\n\n\n\n<p>Esto porque, de acuerdo con las cifras de la Organizaci\u00f3n Mundial de la Salud, Estados Unidos y Europa fueron las regiones m\u00e1s afectadas por el virus: concentraron dos terceras partes de los 250 millones de contagiados alrededor del mundo y casi 4 de cada cinco muertes (3.8 de un total de 5 millones), mientras Asia Sudoriental s\u00f3lo tuvo 44 millones de contagiados y 700 mil fallecimientos. Igualmente, dada la naturaleza del virus, que se reproduce y disemina a trav\u00e9s del contacto social, la preponderancia de una econom\u00eda basada en interacciones virtuales gan\u00f3 terreno. No por nada los grandes beneficiados fueron las empresas que tienen su nicho de mercado en este tipo de comportamientos (ventas por internet, entretenimiento, aplicaciones de reparto, etc.)&nbsp;<\/p>\n\n\n\n<p>Un tercer cambio especialmente relevante es el abandono parcial de la fe absoluta en el libre mercado y el resurgimiento del Estado como garante econ\u00f3mico de \u00faltima instancia. Los billonarios paquetes de ayuda a empresas y ciudadanos, la imperativa necesidad de tener fuertes sistemas p\u00fablicos de salud, los menores costos en vidas que se experimentaron en sociedades con Estados fuertes, etc. son elementos surgidos de la pandemia que propinaron golpes considerables a la ideolog\u00eda librecambista dominante desde mediados de los a\u00f1os setenta.&nbsp;<\/p>\n\n\n\n<p>La emergencia sanitaria mostr\u00f3 que el mercado puede ser eficiente en la soluci\u00f3n de problemas econ\u00f3micos triviales, pero no en los verdaderamente importantes ni en las situaciones excepcionales. Sin un eje coordinador, dejadas al libre arbitrio de las fuerza del mercado, las sociedades son mucho menos eficaces para enfrentar los retos asociados con situaciones del tipo de la pandemia (como la vacunaci\u00f3n universal o el confinamiento obligado de sus ciudadanos).<\/p>\n\n\n\n<p>Sin embargo, el propio Estado como agente econ\u00f3mico enfrent\u00f3 una serie de desaf\u00edos durante esta coyuntura. Sobre todo, debi\u00f3 responsabilizarse de los efectos laborales y sociales producidos por la abrupta y profunda ca\u00edda de la actividad econ\u00f3mica. Fue prioritario auxiliar a los desocupados mediante programas emergentes de empleo o ayudas monetarias directas, as\u00ed como tomar las medidas de pol\u00edtica monetaria necesarias para alentar una r\u00e1pida recuperaci\u00f3n del producto. Y esto en medio de una importante ca\u00edda de los ingresos p\u00fablicos, el incremento descomunal de los gastos y la paralizaci\u00f3n de una buena parte de la maquinaria estatal.<\/p>\n\n\n\n<p>Otra consecuencia mayor de la pandemia fue el desplome de la producci\u00f3n a nivel mundial: sufrimos la cuarta peor ca\u00edda del producto mundial desde que se tiene registro (1876) y la m\u00e1s extensa por el n\u00famero de pa\u00edses involucrados. Los sectores m\u00e1s afectados fueron aquellos en no se puede suplir el trato cara a cara tan f\u00e1cilmente o no se puede dispensar la presencia de los trabajadores directos, especialmente el turismo, el transporte de pasajeros, el comercio al menudeo y la industria. Adem\u00e1s, la llamada \u201cf\u00e1brica mundial\u201d sufri\u00f3 afectaciones severas en sus cadenas de suministro diseminadas a lo largo y ancho del mundo.&nbsp;<\/p>\n\n\n\n<p>Tambi\u00e9n el consumo sufri\u00f3 un espectacular tropiezo. En particular, el confinamiento desplom\u00f3 el consumo de combustible a un grado tal que los precios alcanzaron un nivel negativo, un fen\u00f3meno pocas veces visto a nivel mundial. Esto le dio un respiro moment\u00e1neo al planeta y alent\u00f3 las esperanzas de los ecologistas y los \u201cdecrecentistas\u201d, pero, al mismo tiempo, implic\u00f3 una disminuci\u00f3n de los ingresos de los pa\u00edses productores de petr\u00f3leo y una crisis de sus activos en los mercados financieros que, afortunadamente, no tuvo los efectos catastr\u00f3ficos que en un primer momento se pronosticaron.&nbsp;<\/p>\n\n\n\n<p>Asimismo, esta crisis de las dos cuchillas de la tijera econ\u00f3mica \u2013producci\u00f3n y consumo\u2013 provoc\u00f3 una espectacular ca\u00edda de los niveles de empleo en pr\u00e1cticamente todas las econom\u00edas nacionales. De la misma forma que en los niveles de producci\u00f3n y consumo, los resultados aqu\u00ed tambi\u00e9n fueron diferenciados. El mayor nivel de ca\u00edda fue en el empleo informal y temporal. Por g\u00e9nero, la peor parte se la llevaron las mujeres: el avance logrado en las \u00faltimas d\u00e9cadas en lo que respecta a su incorporaci\u00f3n al mercado de trabajo sufri\u00f3 un fuerte retroceso. Millones de mujeres volvieron a su condici\u00f3n de amas de casa y su independencia econ\u00f3mica sufri\u00f3 un severo golpe por la p\u00e9rdida de los puestos de trabajo o el cierre de millones de peque\u00f1os emprendimientos.&nbsp;<\/p>\n\n\n\n<p>Estos comportamientos asim\u00e9tricos en el mercado de trabajo condujeron a la agudizaci\u00f3n de la desigualdad social, una m\u00e1s de la consecuencias de la pandemia. La pobreza laboral y la proporci\u00f3n de personas sin acceso a los servicios b\u00e1sicos, a una vivienda digna o a una alimentaci\u00f3n adecuada se incrementaron a lo largo y ancho del mundo. El establecimiento de la educaci\u00f3n a distancia, que requiere conectividad y dispositivos con ciertos requerimientos b\u00e1sicos, tambi\u00e9n abon\u00f3 a la ampliaci\u00f3n de los m\u00e1rgenes de exclusi\u00f3n social al incrementar los niveles de deserci\u00f3n y de bajo desempe\u00f1o en los estratos de menor ingreso.&nbsp;<\/p>\n\n\n\n<p>As\u00ed mismo, en el caso de las mujeres en el mercado de trabajo, los indicadores de desigualdad sufrieron una reversi\u00f3n de los logros alcanzados en las d\u00e9cadas m\u00e1s recientes en muchas de las regiones del planeta. El esfuerzo de muchos a\u00f1os fue echado por la borda en tan s\u00f3lo algunos meses. En ese sentido, la regi\u00f3n m\u00e1s afectada fue Am\u00e9rica Latina donde la pandemia provoc\u00f3 14 % m\u00e1s pobres para alcanzar una cifra r\u00e9cord de 200 millones de personas en pobreza y 78 millones en extrema pobreza. De acuerdo con diversos organismos internacionales, esto revirti\u00f3 los avances logrados en d\u00e9cadas recientes pues los indicadores se situaron en el nivel que ten\u00edan hace veinte y doce a\u00f1os, respectivamente.<\/p>\n\n\n\n<p>Sin lugar a dudas, el dr\u00e1stico incremento de los niveles de inflaci\u00f3n en las diversas econom\u00edas nacionales es la consecuencia m\u00e1s inmediata y espectacular de la pandemia. Desde hace meses el mundo experimenta un repunte general de los precios debido a las disrupciones en las cadenas de suministros (a lo que se sum\u00f3 m\u00e1s recientemente el aumento en los precios de las materias primas debido al conflicto de Rusia contra Ucrania). Los precios sufrieron presiones a la alza debido a que, una vez superada la fase cr\u00edtica de la pandemia, la demanda de bienes y servicios aument\u00f3 a un ritmo mayor del que pod\u00eda hacerlo la oferta, que todav\u00eda enfrentaba escasez de suministros. En el caso de la guerra, las presiones m\u00e1s fuertes fueron sobre los precios de los alimentos (cereales sobre todo) y energ\u00e9ticos.<\/p>\n\n\n\n<p>Todo esto ocasion\u00f3 que la inflaci\u00f3n se elevara por encima de los objetivos fijados por los bancos centrales en la gran mayor\u00eda de los pa\u00edses y que las autoridades monetarias emprendieran un progresivo aumento de la tasa de inter\u00e9s buscando atajar el proceso inflacionario. Actualmente, de acuerdo con algunos analistas, la inflaci\u00f3n comienza a ceder y en algunos pa\u00edses se habr\u00eda alcanzado el pico, pero continuar\u00e1 elevada por algunos meses m\u00e1s, lo mismo que las tasas de inter\u00e9s. Sin embargo, aunque se esperan menores presiones inflacionarias tambi\u00e9n es cierto que se pronostica una reducci\u00f3n de las expectativas de crecimiento y una posible recesi\u00f3n mundial reforzada por las medidas anti-inflacionarias tomadas por la mayor\u00eda de los pa\u00edses.<\/p>\n\n\n\n<p>Arrastrado por esta din\u00e1mica mundial, M\u00e9xico tambi\u00e9n entr\u00f3 en una fase de ascenso de la inflaci\u00f3n a partir de enero de 2021 y hasta septiembre de 2022 cuando el INPC se situ\u00f3 en 8.7 %. Esto significa que la tasa de inflaci\u00f3n se mantuvo creciendo durante 22 meses consecutivos, por lo menos. En consecuencia, Banxico adopt\u00f3 una pol\u00edtica monetaria restrictiva consistente en el aumento sostenido de la Tasa de Inter\u00e9s de Referencia, que pas\u00f3 de 4 % en febrero de 2021 a 11.25 % en la actualidad.<\/p>\n\n\n\n<p>Adicionalmente, el Gobierno Federal implement\u00f3 un est\u00edmulo fiscal&nbsp;&nbsp;a la gasolina y el di\u00e9sel (a trav\u00e9s de la reducci\u00f3n del Impuesto Especial Sobre Producci\u00f3n y Servicios, IEPS) durante casi 92 semanas buscando contener el alza de esta mercanc\u00eda que, como se sabe, es determinante del nivel general de precios. En total, se estima que esta medida signific\u00f3 un subsidio de alrededor de&nbsp;293,000 millones de pesos.<\/p>\n\n\n\n<p>Igualmente, se estableci\u00f3 el Paquete Contra la Inflaci\u00f3n y la Carest\u00eda (PACIC), un acuerdo voluntario entre el Gobierno y los empresarios que busc\u00f3 estabilizar los precios de 24 productos de la canasta b\u00e1sica y aumentar la producci\u00f3n interna de alimentos. Hay que aclarar que, a diferencia de las experiencias del pasado, no se trat\u00f3 de un control de precios ni es una medida de car\u00e1cter coercitivo. El Paquete tambi\u00e9n incluy\u00f3 una tasa cero a la importaci\u00f3n de productos b\u00e1sicos e insumos. Los economistas calculan que sin estas medidas, m\u00e1s el subsidio de los combustibles y la estabilizaci\u00f3n de los precios de la electricidad y el gas LP, la inflaci\u00f3n ser\u00eda de 2 puntos porcentuales m\u00e1s.&nbsp;&nbsp;<\/p>\n\n\n\n<p>\u00bfCu\u00e1l es la situaci\u00f3n de la inflaci\u00f3n en M\u00e9xico al d\u00eda de hoy? Hay evidencia emp\u00edrica de que comenz\u00f3 a ceder ligera pero sostenidamente desde septiembre de 2022 hasta situarse actualmente (mayo de 2023) en 5.84 %. Se hilan, as\u00ed, ocho meses a la baja. Este escenario de mejora se debe primordialmente a la disminuci\u00f3n del ritmo de crecimiento de los precios de los componentes de la inflaci\u00f3n no subyacente, como los energ\u00e9ticos (sobre todo el gas&nbsp;LP) y las tarifas autorizadas por el gobierno. No obstante, la inflaci\u00f3n subyacente contin\u00faa aumentando, lo mismo que los precios de los productos agropecuarios.&nbsp;<\/p>\n\n\n\n<p>Como sucede en estos casos, el comportamiento es asim\u00e9trico en t\u00e9rminos de productos y \u00e1reas geogr\u00e1ficas. Mientras electricidad, transporte a\u00e9reo, chiles serranos, servicios profesionales, paquetes tur\u00edsticos y nopales, est\u00e1n al alza, cebollas, gas&nbsp;LP, papa, tomate verde, hoteles, naranja, pollo, calabacitas, mel\u00f3n y aguacate tienen precios a la baja. Territorialmente hablando, las entidades federativas donde ha crecido m\u00e1s el&nbsp;INPCson Sonora, Sinaloa,&nbsp;BCS,&nbsp;BC&nbsp;y Chihuahua. Mientras que por ciudades, las que tienen una variaci\u00f3n por encima del promedio nacional son: Mexicali, Hermosillo, Esperanza (Sonora), Culiac\u00e1n, Huatabampo, La Paz, Matamoros, Cd. Ju\u00e1rez Chihuahua y Jim\u00e9nez (Chih.). Otras como Acu\u00f1a, SLP, Cort\u00e1zar (Gto.), Tlaxcala, Campeche, Torre\u00f3n, Zacatecas, Tuxtla Guti\u00e9rrez y Coatzacoalcos, tienen una variaci\u00f3n por debajo del promedio nacional. Por clasificaci\u00f3n del consumo individual, los productos y servicios que contin\u00faan con precios crecientes son: alimentos y bebidas no alcoh\u00f3licas, tabaco, alcohol, prendas de vestir, muebles, art\u00edculos para el hogar, salud, transporte, recreaci\u00f3n y cultura, restaurantes y hoteles.&nbsp;<\/p>\n\n\n\n<p>La previsi\u00f3n es que la estabilizaci\u00f3n de los precios sea lenta y paulatina, de tal forma que regresemos al nivel establecido como objetivo, de 3 %, hasta el tercer trimestre de 2024, sobre todo si las presiones externas no disminuyen. Eso significa que las medidas implementadas por el Banco de M\u00e9xico y el Gobierno Federal se mantendr\u00e1n en los&nbsp;&nbsp;siguientes meses, aunque seguramente ir\u00e1n afloj\u00e1ndose gradualmente. En el caso de la Tasa de Inter\u00e9s de Referencia, la autoridad monetaria ha detenido ya los incrementos con la finalidad de evitar un apretamiento excesivo que afectar\u00eda la estabilidad macroecon\u00f3mica y financiera de M\u00e9xico.&nbsp;<\/p>\n\n\n\n<p>Como podemos ver, el Gobierno mexicano enfrent\u00f3 el reto de la inflaci\u00f3n provocada por la pandemia con una pol\u00edtica heterodoxa que incluy\u00f3 la tradicional alza de la tasa de inter\u00e9s al lado de una intervenci\u00f3n en el mercado de los energ\u00e9ticos y los productos de la canasta b\u00e1sica. En esa direcci\u00f3n, constituy\u00f3 una experiencia in\u00e9dita frente a la ortodoxia monetaria a\u00fan vigente, basada exclusivamente en la manipulaci\u00f3n de la tasa de inter\u00e9s. Los resultados no fueron espectaculares pero s\u00ed muy efectivos: ocurri\u00f3 un descenso gradual del \u00cdndice Nacional de Precios al Consumidor y se espera que \u00e9ste regrese paulatinamente al nivel objetivo de 3 %.&nbsp;Una vez m\u00e1s, como en el caso de las medidas inmediatas para enfrentar los retos econ\u00f3micos derivados de la pandemia, cuando el gobierno mexicano opt\u00f3 por una pol\u00edtica prudente de endeudamiento, parece que se han tomado decisiones sensatas, que han evitado los resultados espectaculares que terminan comprometiendo el futuro de la econom\u00eda mexicana. No obstante, falta lo principal: propiciar un crecimiento sostenido del producto con la finalidad de revertir los efectos de la pandemia sobre la desigualdad social.&nbsp;<\/p>\n","protected":false},"excerpt":{"rendered":"<p>La aparici\u00f3n de la\u00a0COVID-19\u00a0en la provincia china de Wu Han y su elevaci\u00f3n al rango de amenaza mundial puede considerarse como un fen\u00f3meno pocas veces visto en la historia mundial. Es probable que s\u00f3lo tenga parang\u00f3n con la peste negra y la fiebre espa\u00f1ola, que provocaron cambios civilizatorios y geopol\u00edticos considerables, am\u00e9n de un n\u00famero &#8230; <a title=\"PANDEMIA E INFLACI\u00d3N\" class=\"read-more\" href=\"https:\/\/revistamemoria.mx\/?p=3837\" aria-label=\"Leer m\u00e1s sobre PANDEMIA E INFLACI\u00d3N\">Leer m\u00e1s<\/a><\/p>\n","protected":false},"author":343,"featured_media":0,"comment_status":"closed","ping_status":"closed","sticky":false,"template":"","format":"standard","meta":{"footnotes":""},"categories":[94],"tags":[],"class_list":["post-3837","post","type-post","status-publish","format-standard","hentry","category-mundo"],"_links":{"self":[{"href":"https:\/\/revistamemoria.mx\/index.php?rest_route=\/wp\/v2\/posts\/3837","targetHints":{"allow":["GET"]}}],"collection":[{"href":"https:\/\/revistamemoria.mx\/index.php?rest_route=\/wp\/v2\/posts"}],"about":[{"href":"https:\/\/revistamemoria.mx\/index.php?rest_route=\/wp\/v2\/types\/post"}],"author":[{"embeddable":true,"href":"https:\/\/revistamemoria.mx\/index.php?rest_route=\/wp\/v2\/users\/343"}],"replies":[{"embeddable":true,"href":"https:\/\/revistamemoria.mx\/index.php?rest_route=%2Fwp%2Fv2%2Fcomments&post=3837"}],"version-history":[{"count":2,"href":"https:\/\/revistamemoria.mx\/index.php?rest_route=\/wp\/v2\/posts\/3837\/revisions"}],"predecessor-version":[{"id":3839,"href":"https:\/\/revistamemoria.mx\/index.php?rest_route=\/wp\/v2\/posts\/3837\/revisions\/3839"}],"wp:attachment":[{"href":"https:\/\/revistamemoria.mx\/index.php?rest_route=%2Fwp%2Fv2%2Fmedia&parent=3837"}],"wp:term":[{"taxonomy":"category","embeddable":true,"href":"https:\/\/revistamemoria.mx\/index.php?rest_route=%2Fwp%2Fv2%2Fcategories&post=3837"},{"taxonomy":"post_tag","embeddable":true,"href":"https:\/\/revistamemoria.mx\/index.php?rest_route=%2Fwp%2Fv2%2Ftags&post=3837"}],"curies":[{"name":"wp","href":"https:\/\/api.w.org\/{rel}","templated":true}]}}