{"id":4684,"date":"2026-03-17T16:43:58","date_gmt":"2026-03-17T22:43:58","guid":{"rendered":"https:\/\/revistamemoria.mx\/?p=4684"},"modified":"2026-03-17T16:43:59","modified_gmt":"2026-03-17T22:43:59","slug":"podemos-dar-nuestra-sangre-a-cualquier-patria-americana-che","status":"publish","type":"post","link":"https:\/\/revistamemoria.mx\/?p=4684","title":{"rendered":"Podemos dar nuestra sangre a cualquier patria americana: Che"},"content":{"rendered":"\n<p>Entrevista realizada en 1959 y publicado por primera vez en M\u00e9xico en 1988 en el semanario <em>La Unidad.<\/em><\/p>\n\n\n\n<p><strong>Casi treinta a\u00f1os han pasado desde el 26 de septiembre de 1959 en que entrevistamos a Ernesto Ch\u00e9 Guevara en un aeropuerto aleda\u00f1o a La Habana. Hoy, que se aproxima el vig\u00e9simo aniversario del asesinato, en Bolivia, hemos cre\u00eddo oportuno publicar nuevamente aquella entrevista, en la que el Ch\u00e9 compendi\u00f3, en 20 minutos, su pensamiento sobre la Revoluci\u00f3n Cubana, su trascendencia, su movimiento.<\/strong><\/p>\n\n\n\n<p><strong>Gerardo Unzueta L.<\/strong><\/p>\n\n\n\n<p>Aquella madrugada eran las seis de la ma\u00f1ana \u2014 logr\u00e9 uno de los m\u00e1s valiosos frutos de mi actividad period\u00edstica. En escasas ocasiones es posible hablar con un hombre capaz de expresar en pocas palabras el profundo contenido transformador de un acto revolucionario como el realizado por los h\u00e9roes de Sierra Maestra. La combatividad, el internacionalismo, lo humano se un\u00edan intensamente en esas palabras.<\/p>\n\n\n\n<p>Comandante de la sierra, dirigente estatal ya, argentino de nacimiento, de 31 a\u00f1os de edad, respondi\u00f3 a mi primera pregunta:<\/p>\n\n\n\n<p><strong>\u2014\u00bfPor qu\u00e9, siendo argentino, particip\u00f3 en forma tan decidida y destacada en la Revoluci\u00f3n Cubana?<\/strong><\/p>\n\n\n\n<p>\u2014La \u00fanica pregunta que cabr\u00eda, en el caso de haber alguna, es por qu\u00e9 particip\u00e9 en la lucha cubana. Lo de destacado o no, no tiene nada que ver con mi nacionalidad y lo dir\u00e1 el futuro, lo dir\u00e1 la historia, si tenemos oportunidad de entrar a ella, si es que hubo algo destacado. Nosotros consideramos que \u00e9sta fue una revoluci\u00f3n hecha por el pueblo, y que la gran virtud de su l\u00edder Fidel Castro, fue la de compactar a todo el pueblo y llevarlo a la victoria.<\/p>\n\n\n\n<p>Desde mi punto de vista personal, rechazo toda explicaci\u00f3n que pretenda demostrar, de alguna forma, que un extranjero pueda venir a luchar en esta tierra. Para nosotros, los que vivimos al sur del R\u00edo Bravo, cualquiera de las patrias americanas es nuestra y sobre cualquiera de ellas podemos dar nuestra sangre, con la seguridad de que estamos luchando por nuestra patria.<\/p>\n\n\n\n<p>Con primeras palabras, tan contundentes, del Ch\u00e9 nos situaban en el \u00e1mbito latinoamericano. De all\u00ed la segunda interrogante:<\/p>\n\n\n\n<p><strong>\u2014\u00bfCu\u00e1l es, en su opini\u00f3n, la proyecci\u00f3n que tiene la Revoluci\u00f3n Cubana en Am\u00e9rica Latina?<\/strong><\/p>\n\n\n\n<p>\u2014Ya hemos insistido en otras ocasiones en que la Revoluci\u00f3n Cubana ha aportado a la mec\u00e1nica de los movimientos sociales de Am\u00e9rica tres puntos fundamentales, tres teor\u00edas que se convierten casi en axiomas: primero, el pueblo en armas puede por la sola acci\u00f3n, convertirse de un peque\u00f1o n\u00facleo hasta un ej\u00e9rcito que derrote al ej\u00e9rcito opresor en batallas campales; segundo, las condiciones totales para una guerra revolucionaria no se deben esperar sino que, en algunas ocasiones, se pueden precipitar por el establecimiento de un foco insurreccional que sirve como catalizador, acelerando las acciones del pueblo; y tercero, que en el panorama de nuestra Am\u00e9rica semicolonial y subdesarrollada, el escenario de las luchas por la liberaci\u00f3n del pueblo es el campo, la monta\u00f1a y no las grandes ciudades.<\/p>\n\n\n\n<p><strong>\u2014Tambi\u00e9n es importante saber la opini\u00f3n que hay en pa\u00edses que luchan por su liberaci\u00f3n sobre el movimiento que ha tenido lugar en Cuba. \u00bfCu\u00e1l es el juicio que hay en los pa\u00edses afro-asi\u00e1ticos sobre la Revoluci\u00f3n Cubana?<\/strong><\/p>\n\n\n\n<p>\u2014La ven como algo completamente nuevo, una verdadera esperanza de Am\u00e9rica. Su nombre est\u00e1 unido indisolublemente al de Fidel Castro, a veces en tal forma que no conocen ni la situaci\u00f3n geogr\u00e1fica ni las caracter\u00edsticas de nuestra tierra y s\u00f3lo saben que hay un jefe barbudo que representa algo nuevo en este continente, que se llama Fidel Castro. Pero en lo que todos los pueblos visitados por nosotros coinciden es en la abierta admiraci\u00f3n por la figura de nuestro l\u00edder, por la fuerza y la pujanza de nuestro movimiento libertador y por la fe en las proyecciones americanas de ese mismo movimiento.<\/p>\n\n\n\n<p><strong>\u2014De los problemas espec\u00edficos a que se enfrenta la Revoluci\u00f3n Cubana, comandante Guevara, \u00bfcu\u00e1les son los que tienen especial trascendencia latinoamericana?<\/strong><\/p>\n\n\n\n<p>\u2014Creo que todos los problemas con que se enfrenta nuestra revoluci\u00f3n, los problemas vitales, digamos, los que se alejan de las peculiaridades nacionales de cada pa\u00eds abarcan el total del Continente Americano. Nuestra lucha frontal contra toda tentativa de injerencia extranjera, nuestro derecho \u2014expresado reiteradamente\u2014 a hacer o\u00edr la voz de Cuba como la de una naci\u00f3n libre en todos los organismos internacionales, nuestro derecho \u2014reiterado una y otra vez\u2014 a realizar las reformas sociales, econ\u00f3micas y pol\u00edticas, que nuestro pueblo anhela y para lo cual hicimos esta revoluci\u00f3n, son evidentemente caracter\u00edsticas con que m\u00e1s o menos intensidad seguir\u00e1n todas las revoluciones de la Am\u00e9rica Latina que tengan, como nosotros, la libertad del pueblo como meta, su felicidad futura y su independencia total.<\/p>\n\n\n\n<p><strong>\u2014Evidentemente, nuestros pueblos tienen inter\u00e9s en la existencia y triunfo de la Revoluci\u00f3n Cubana, y por ello tambi\u00e9n tienen deberes que cumplir respecto al destino de esta isla. \u00bfCu\u00e1les son los deberes de los pueblos latinoamericanos respecto de Cuba?<\/strong><\/p>\n\n\n\n<p>\u2014Es dif\u00edcil definir el deber; el deber nace, en general, de la conciencia social, de la necesidad de hacer algo para defenderse de alguna cosa o para concurrir hacia un fin com\u00fan. Nuestros pueblos americanos tienen poca conciencia social de sus necesidades como un todo por la gran tarea de los colonialismos que los han oprimido, la divisi\u00f3n ha sido precisamente para efectuar, despu\u00e9s, m\u00e1s c\u00f3modamente la repartici\u00f3n. Creemos que si hay alg\u00fan deber que se\u00f1alar, es el deber, que en realidad es un derecho, de subsistir. Si los pueblos de Am\u00e9rica ven claro cu\u00e1les sus grandes necesidades y c\u00f3mo podr\u00e1n subsistir como naciones que alcanzaron su independencia efectiva, lo dem\u00e1s, es decir, el apoyo real a nuestra revoluci\u00f3n, la serie de medidas pr\u00e1cticas para hacerlo, vendr\u00e1 s\u00f3lo como un corolario de esa necesidad de subsistir.<\/p>\n\n\n\n<p><strong>\u2014Sabemos que el d\u00eda de hoy se ha dado a conocer un nuevo brote de conspiraci\u00f3n, sorprendido en la provincia de Oriente. En d\u00edas pasados he sido testigo de la captura de conspiradores. \u00bfA qu\u00e9 factores atribuye usted el que se sigan produciendo esos brotes? \u00bfEsos factores son exclusivamente internos?<\/strong><\/p>\n\n\n\n<p>\u2014No le puedo decir en absoluto a qu\u00e9 se debe este nuevo brote que usted manifiesta. Le puedo decir, honestamente, es la primera noticia que tengo sobre el asunto. He estado trabajando hasta este momento en las oficinas del Instituto Nacional de la Reforma Agraria (INRA) y no se me avis\u00f3 de ninguna situaci\u00f3n de peligro. Por eso no puedo juzgar exactamente a qu\u00e9 se debe. Usted conoce bien cu\u00e1les fueron los monitores de las tentativas anteriores. Aqu\u00ed dentro no hay contrarrevoluci\u00f3n que valga. Aqu\u00ed no puede haber tentativa alguna de alzarse contra los designios del gobierno revolucionario, que es la voz del pueblo. Solamente de afuera pueden venir esos intentos; pero todo intento que viene desde afuera, y no cuenta con el calor del pueblo, est\u00e1 fatalmente condenado a fracasar.<\/p>\n\n\n\n<p><strong>\u2014\u00bfCu\u00e1les son las realizaciones m\u00e1s destacadas de la Revoluci\u00f3n cubana en los ocho meses de victoria que tiene?<\/strong><\/p>\n\n\n\n<p>\u2014Hace unos meses, eso era f\u00e1cil de contestar. Hoy es dif\u00edcil extraer del c\u00famulo de realizaciones del gobierno revolucionario cu\u00e1les son sus leyes o sus hechos m\u00e1s importantes. Podemos colocar no obstante a la Reforma Agraria como la ley fundamental de nuestro gobierno, y al monumental INRA, como su realizaci\u00f3n m\u00e1s fecunda. Sin embargo, hay tambi\u00e9n algo que ha sido estructurado despu\u00e9s de la victoria pero que fue el art\u00edfice del triunfo popular para colocarlo en esta nueva posici\u00f3n institucional que vino a ocupar y es el Ej\u00e9rcito Rebelde, el ej\u00e9rcito ligado al pueblo. \u00abEl Ej\u00e9rcito Rebelde es el pueblo uniformado\u00bb, ha dicho Camilo Cienfuegos. Es un ej\u00e9rcito que trabaja, que rinde constantemente \u2014en forma de trabajo manual o intelectual\u2014 el dinero que se le paga por defender a la naci\u00f3n. Est\u00e1 el Instituto Nacional de Ahorro y Vivienda. Tenemos leyes tan importantes como las que bajan las cuotas de alquileres, fluido el\u00e9ctrico, tel\u00e9fonos; la ley de playas populares; en estos \u00faltimos momentos, una serie de impuestos especiales al consumo de alcoholes, pero antes de ello la reforma completa a la tributaci\u00f3n. Y por sobre todo este esquema de realizaciones tangibles, una nueva orientaci\u00f3n revolucionaria; una nueva mentalidad revolucionaria, que est\u00e1 dando una naci\u00f3n pujante, dirigida fundamentalmente, en la pol\u00edtica, a hablar el idioma claro de la independencia nacional y, en lo econ\u00f3mico, llevando sobre sus hombros la tarea de realizar una de esas aspiraciones inmediatas del pueblo de Cuba: la liberaci\u00f3n del monocultivo, representado por la ca\u00f1a de az\u00facar y del monomercado, representado hoy por Estados Unidos de Am\u00e9rica. La tarea futura es amplia y ardua. Solamente si no desmayamos, si seguimos apoy\u00e1ndonos en la fe del pueblo y consideramos siempre que el pueblo es nuestro mentor, nuestra gu\u00eda y nuestro apoyo, nuestra raz\u00f3n de ser en una palabra, podremos arribar a las metas que aspiramos y decir al final de este camino que hemos logrado el triunfo para nuestra patria.<\/p>\n\n\n\n<p><strong>\u2014\u00bfCu\u00e1les son los puntos program\u00e1ticos m\u00e1s destacados que ha de realizar en los pr\u00f3ximos meses, tanto en el plano nacional como respecto a las relaciones internacionales, el gobierno de la Revoluci\u00f3n Cubana?<\/strong><\/p>\n\n\n\n<p>\u2014Pr\u00e1cticamente le he contestado muchos de esos puntos en el peque\u00f1o esbozo que le hice anteriormente, muchos de estos puntos program\u00e1ticos. Fundamentalmente, ya lo he dicho, en pol\u00edtica internacional, tener abierta contra toda asonada de colonialismos, contra todo g\u00e9nero de explotaci\u00f3n de las naciones grandes contra las peque\u00f1as, lucha en\u00e9rgica por la paz del mundo y porque la voz de las peque\u00f1as naciones sea escuchada en plano de igualdad en todos los focos internacionales. En el plano de nuestra pol\u00edtica econ\u00f3mica, ya le he dicho que estamos empe\u00f1ados en la doble lucha por liberarnos del monocultivo y el monomercio. Estamos luchando por tener medios de comunicaci\u00f3n cubanos, desarrollar nuestra flota mercante nacional, nuestras industrias pesqueras e iniciar luego el gran salto, apoyados ya en esta mejora de tipo bancaria, hacia la industrializaci\u00f3n total del pa\u00eds. Ese es nuestro gran paso futuro, el que ha de marcar la posici\u00f3n entre este pa\u00eds colonial, sin desarrollo ninguno, y la gran naci\u00f3n industrial de ma\u00f1ana.<\/p>\n\n\n\n<p><strong>\u2014Finalmente, comandante Guevara, usted que estuvo en M\u00e9xico, seguramente tendr\u00e1 algo que decir al pueblo de mi pa\u00eds, en esta hora de grandes decisiones para Cuba y Am\u00e9rica Latina.<\/strong><\/p>\n\n\n\n<p>\u2014Solamente quiero recordarle al pueblo mexicano mi perenne y c\u00e1lido homenaje que podr\u00eda decir, en momentos en que era un perseguido pol\u00edtico, un indeseable, perseguido por todo el mundo, sin embargo, un c\u00e1lido recibimiento y un h\u00e1lito de comprensi\u00f3n humana de parte del pueblo mexicano. Cuando naci\u00f3 mi hija, en la ciudad de M\u00e9xico, pod\u00eda optar por la nacionalidad peruana de la madre, por mi nacionalidad argentina, cualquiera de las dos cosas era l\u00f3gica; est\u00e1bamos de paso en M\u00e9xico. Sin embargo, decidimos, de com\u00fan acuerdo, darle la nacionalidad de la naci\u00f3n que nos hab\u00eda acogido en la hora amarga de la derrota y del exilio. Eso es lo \u00fanico que pod\u00edamos hacer por M\u00e9xico en aquel momento. Hoy, reiterarle el saludo que aquella vez quisimos darle con aquel gesto, y reiterarle la seguridad de que aqu\u00ed, como en todas partes de Am\u00e9rica, el pueblo mexicano es valorado y querido como un gran hermano destinado a ocupar un lugar prominente en esta nueva estructura americana que asoma en el horizonte.<\/p>\n","protected":false},"excerpt":{"rendered":"<p>Entrevista realizada en 1959 y publicado por primera vez en M\u00e9xico en 1988 en el semanario La Unidad. Casi treinta a\u00f1os han pasado desde el 26 de septiembre de 1959 en que entrevistamos a Ernesto Ch\u00e9 Guevara en un aeropuerto aleda\u00f1o a La Habana. Hoy, que se aproxima el vig\u00e9simo aniversario del asesinato, en Bolivia, &#8230; <a title=\"Podemos dar nuestra sangre a cualquier patria americana: Che\" class=\"read-more\" href=\"https:\/\/revistamemoria.mx\/?p=4684\" aria-label=\"Leer m\u00e1s sobre Podemos dar nuestra sangre a cualquier patria americana: Che\">Leer m\u00e1s<\/a><\/p>\n","protected":false},"author":1,"featured_media":0,"comment_status":"closed","ping_status":"closed","sticky":false,"template":"","format":"standard","meta":{"footnotes":""},"categories":[25],"tags":[],"class_list":["post-4684","post","type-post","status-publish","format-standard","hentry","category-mexico"],"_links":{"self":[{"href":"https:\/\/revistamemoria.mx\/index.php?rest_route=\/wp\/v2\/posts\/4684","targetHints":{"allow":["GET"]}}],"collection":[{"href":"https:\/\/revistamemoria.mx\/index.php?rest_route=\/wp\/v2\/posts"}],"about":[{"href":"https:\/\/revistamemoria.mx\/index.php?rest_route=\/wp\/v2\/types\/post"}],"author":[{"embeddable":true,"href":"https:\/\/revistamemoria.mx\/index.php?rest_route=\/wp\/v2\/users\/1"}],"replies":[{"embeddable":true,"href":"https:\/\/revistamemoria.mx\/index.php?rest_route=%2Fwp%2Fv2%2Fcomments&post=4684"}],"version-history":[{"count":1,"href":"https:\/\/revistamemoria.mx\/index.php?rest_route=\/wp\/v2\/posts\/4684\/revisions"}],"predecessor-version":[{"id":4685,"href":"https:\/\/revistamemoria.mx\/index.php?rest_route=\/wp\/v2\/posts\/4684\/revisions\/4685"}],"wp:attachment":[{"href":"https:\/\/revistamemoria.mx\/index.php?rest_route=%2Fwp%2Fv2%2Fmedia&parent=4684"}],"wp:term":[{"taxonomy":"category","embeddable":true,"href":"https:\/\/revistamemoria.mx\/index.php?rest_route=%2Fwp%2Fv2%2Fcategories&post=4684"},{"taxonomy":"post_tag","embeddable":true,"href":"https:\/\/revistamemoria.mx\/index.php?rest_route=%2Fwp%2Fv2%2Ftags&post=4684"}],"curies":[{"name":"wp","href":"https:\/\/api.w.org\/{rel}","templated":true}]}}