{"id":4690,"date":"2026-03-17T16:51:00","date_gmt":"2026-03-17T22:51:00","guid":{"rendered":"https:\/\/revistamemoria.mx\/?p=4690"},"modified":"2026-03-17T16:51:01","modified_gmt":"2026-03-17T22:51:01","slug":"mexico-triunfara-con-cuba","status":"publish","type":"post","link":"https:\/\/revistamemoria.mx\/?p=4690","title":{"rendered":"M\u00e9xico triunfar\u00e1 con Cuba"},"content":{"rendered":"\n<p>V\u00edctor Rico Gal\u00e1n<\/p>\n\n\n\n<p>M\u00e9xico y Cuba. <em>Dos pueblos unidos en la historia<\/em>, M\u00e9xico Centro de Investigaci\u00f3n Cient\u00edfica Jorge L. Tamayo, M\u00e9xico, 1982, pp. 471-473.<\/p>\n\n\n\n<p>La reacci\u00f3n del Departamento de Estado ante el discurso del diputado S\u00e1nchez Piedras en apoyo de Cuba es insolente, desproporcionada y tosca. Pero a nadie puede sorprender tal actitud, si se consideran los malos modos que usan y las oscuridades mentales que padecen los hombres encargados actualmente de la pol\u00edtica exterior norteamericana. M\u00e1s despreciable, por antimexicana, es la actitud de quienes, de este lado del Bravo, pretenden desvirtuar el sentido de lo dicho por S\u00e1nchez Piedras, quit\u00e1ndole importancia y gritando a los cuatro vientos que el diputado tlaxcalteca no tiene ninguna personalidad legal para definir la pol\u00edtica internacional de M\u00e9xico.<\/p>\n\n\n\n<p>El licenciado S\u00e1nchez Piedras es presidente de la Comisi\u00f3n Permanente del Congreso de la Uni\u00f3n, y habl\u00f3 precisamente en el momento en que ejerc\u00eda sus funciones de tal. Su declaraci\u00f3n no tiene el valor jur\u00eddico de una definici\u00f3n del gobierno, pero tampoco es la opini\u00f3n de un indocumentado cualquiera, sino la de un representante popular que, adem\u00e1s ocupa lugar preponderante en el Poder Legislativo. Se trata, pues, de una opini\u00f3n autorizada.<\/p>\n\n\n\n<p>Finalmente, el licenciado S\u00e1nchez Piedras interpretaba con su declaraci\u00f3n la pol\u00edtica expresa del presidente L\u00f3pez Mateos.<\/p>\n\n\n\n<p>La circunstancia de que el gobierno no se haya definido en la situaci\u00f3n concreta actual no impide que su posici\u00f3n en relaci\u00f3n con Cuba sea conocida. Primero por lo que el licenciado L\u00f3pez Mateos declar\u00f3 en su viaje a Suram\u00e9rica, y por lo que hizo y dijo con motivo de la visita del presidente Dortic\u00f3s; y segundo, por la definici\u00f3n que \u00e9l mismo hizo de la l\u00ednea pol\u00edtica de su r\u00e9gimen: la extrema izquierda dentro de la Constituci\u00f3n no puede tener m\u00e1s actitud que el apoyo a Cuba.<\/p>\n\n\n\n<p>Lo m\u00e1s importante, sin embargo, es que el licenciado S\u00e1nchez Piedras interpret\u00f3, sin lugar a dudas, el sentir de la mayor\u00eda del pueblo de M\u00e9xico. Es indiscutible que los mexicanos estamos con la Revoluci\u00f3n Cubana y no podemos abandonarla frente a un imperialismo del que hemos sido v\u00edctimas con una reiteraci\u00f3n que abarca toda nuestra historia.<\/p>\n\n\n\n<p>Eso lo saben perfectamente quienes quieren presentar el discurso del licenciado S\u00e1nchez Piedras como una opini\u00f3n personal.<\/p>\n\n\n\n<p>Y tratan de sembrar el terror ante un imperialismo que presentan como omnipotente para presionar al Presidente de la Rep\u00fablica y hacerle desmentir sus convicciones y las de su pueblo.<\/p>\n\n\n\n<p>Se trata de un chantaje vulgar, un cap\u00edtulo m\u00e1s de la historia de zancadillas al presidente L\u00f3pez Mateos y a la Revoluci\u00f3n que han escrito ciertos diarios mexicanos.<\/p>\n\n\n\n<p>Seg\u00fan ellos, el licenciado S\u00e1nchez Piedras no traza la l\u00ednea pol\u00edtica internacional del gobierno de M\u00e9xico. Y es as\u00ed, porque ese trabajo se lo reservan al Departamento de Estado. Pretenden convencer al pa\u00eds y al Presidente de que no hay m\u00e1s camino posible que la sumisi\u00f3n incondicional a las consignas de mister Herter; de que M\u00e9xico no es una naci\u00f3n soberana sino una pobre colonia a la que no le queda m\u00e1s salida que callar y obedecer.<\/p>\n\n\n\n<p>M\u00e9xico es, por fortuna, mucho m\u00e1s que el grupo de agiotistas miserables que representan esos diarios. Es un pueblo vigoroso y conciente, que ha sabido luchar por su independencia y su autodeterminaci\u00f3n en condiciones singularmente dif\u00edciles y que sabr\u00e1 seguir haci\u00e9ndolo. Es un pueblo digno y leal, que ha sabido censurar al gobierno cuando su pol\u00edtica fue inadecuada, pero que sabe apoyarlo ahora, cuando el r\u00e9gimen toma un impulso decididamente popular.<\/p>\n\n\n\n<p>El apoyo a Cuba es algo que est\u00e1 por encima de consideraciones mezquinas. Es algo que mira al futuro. Es una pol\u00edtica de salvaci\u00f3n para M\u00e9xico, hostilizado sistem\u00e1ticamente por un imperialismo insaciable. La pol\u00edtica de sumisi\u00f3n, de buenos amigos que jam\u00e1s reclaman nada, es humillante, pero, sobre todo, contraproducente. La historia reciente de M\u00e9xico demuestra bien a las claras que esa pol\u00edtica s\u00f3lo ha producido miseria y una situaci\u00f3n cada vez m\u00e1s precaria de nuestro comercio internacional.<\/p>\n\n\n\n<p>Es necesario que M\u00e9xico haga o\u00edr su voz con mesura, pero con energ\u00eda. Y es una mentira vil que eso conduzca al pa\u00eds a un pleito ruinoso. Por lo contrario, tenemos detr\u00e1s de nosotros a todos los pueblos hermanos del continente, y apoyar\u00e1n nuestra pol\u00edtica todos los pa\u00edses subindustrializados que son \u2014ellos tambi\u00e9n v\u00edctimas del imperialismo.<\/p>\n\n\n\n<p>M\u00e9xico est\u00e1 con Cuba y triunfar\u00e1 con Cuba. El Presidente de la Rep\u00fablica, que lo sabe, sabe tambi\u00e9n que contar\u00e1 en esa lucha con el m\u00e1s grande y m\u00e1s glorioso de los apoyos: el de su pueblo.<em>Pol\u00edtica<\/em>, 15 de julio de 1960, p\u00e1g. 41.<\/p>\n","protected":false},"excerpt":{"rendered":"<p>V\u00edctor Rico Gal\u00e1n M\u00e9xico y Cuba. Dos pueblos unidos en la historia, M\u00e9xico Centro de Investigaci\u00f3n Cient\u00edfica Jorge L. Tamayo, M\u00e9xico, 1982, pp. 471-473. La reacci\u00f3n del Departamento de Estado ante el discurso del diputado S\u00e1nchez Piedras en apoyo de Cuba es insolente, desproporcionada y tosca. Pero a nadie puede sorprender tal actitud, si se &#8230; <a title=\"M\u00e9xico triunfar\u00e1 con Cuba\" class=\"read-more\" href=\"https:\/\/revistamemoria.mx\/?p=4690\" aria-label=\"Leer m\u00e1s sobre M\u00e9xico triunfar\u00e1 con Cuba\">Leer m\u00e1s<\/a><\/p>\n","protected":false},"author":1,"featured_media":0,"comment_status":"closed","ping_status":"closed","sticky":false,"template":"","format":"standard","meta":{"footnotes":""},"categories":[25],"tags":[],"class_list":["post-4690","post","type-post","status-publish","format-standard","hentry","category-mexico"],"_links":{"self":[{"href":"https:\/\/revistamemoria.mx\/index.php?rest_route=\/wp\/v2\/posts\/4690","targetHints":{"allow":["GET"]}}],"collection":[{"href":"https:\/\/revistamemoria.mx\/index.php?rest_route=\/wp\/v2\/posts"}],"about":[{"href":"https:\/\/revistamemoria.mx\/index.php?rest_route=\/wp\/v2\/types\/post"}],"author":[{"embeddable":true,"href":"https:\/\/revistamemoria.mx\/index.php?rest_route=\/wp\/v2\/users\/1"}],"replies":[{"embeddable":true,"href":"https:\/\/revistamemoria.mx\/index.php?rest_route=%2Fwp%2Fv2%2Fcomments&post=4690"}],"version-history":[{"count":1,"href":"https:\/\/revistamemoria.mx\/index.php?rest_route=\/wp\/v2\/posts\/4690\/revisions"}],"predecessor-version":[{"id":4691,"href":"https:\/\/revistamemoria.mx\/index.php?rest_route=\/wp\/v2\/posts\/4690\/revisions\/4691"}],"wp:attachment":[{"href":"https:\/\/revistamemoria.mx\/index.php?rest_route=%2Fwp%2Fv2%2Fmedia&parent=4690"}],"wp:term":[{"taxonomy":"category","embeddable":true,"href":"https:\/\/revistamemoria.mx\/index.php?rest_route=%2Fwp%2Fv2%2Fcategories&post=4690"},{"taxonomy":"post_tag","embeddable":true,"href":"https:\/\/revistamemoria.mx\/index.php?rest_route=%2Fwp%2Fv2%2Ftags&post=4690"}],"curies":[{"name":"wp","href":"https:\/\/api.w.org\/{rel}","templated":true}]}}