{"id":4696,"date":"2026-03-17T16:57:56","date_gmt":"2026-03-17T22:57:56","guid":{"rendered":"https:\/\/revistamemoria.mx\/?p=4696"},"modified":"2026-03-17T16:57:57","modified_gmt":"2026-03-17T22:57:57","slug":"cuba-no-es-una-isla","status":"publish","type":"post","link":"https:\/\/revistamemoria.mx\/?p=4696","title":{"rendered":"Cuba no es una isla"},"content":{"rendered":"\n<p>Sol Arguedas<\/p>\n\n\n\n<p><em>Bolet\u00edn de la informaci\u00f3n de la embajada de Cuba<\/em>, No. 9, 1962.<\/p>\n\n\n\n<p><strong>DEL CAP\u00cdTULO \u00abLOS AGRESORES\u00bb<\/strong><\/p>\n\n\n\n<p>\u00bfPOR QUE no estalla el j\u00fabilo popular, ruidosa y cubanamente manifestado, a ra\u00edz del aplastante triunfo?<\/p>\n\n\n\n<p>Hay confianza, s\u00ed; pero cautelosa, \u00bfse tragar\u00e1n la derrota los yanquis?<\/p>\n\n\n\n<p>Crecen, en cambio, la rabia y el dolor por los muertos y los heridos: s\u00f3lo en un pa\u00eds peque\u00f1o se puede hablar del pueblo como una gran familia.<\/p>\n\n\n\n<p>La alegr\u00eda renace, sin embargo, lentamente, en los preparativos para conmemorar el 1o. de mayo.<\/p>\n\n\n\n<p>Ni el Presidente Dortic\u00f3s ni el Primer Ministro Castro han dado instrucciones al respecto, m\u00e1s una t\u00e1cita y general consigna es evidente: se frenar\u00e1 la alegr\u00eda, se detendr\u00e1 el j\u00fabilo por el triunfo, y se le permitir\u00e1 estallar el 1o. de mayo si no sucede otra cosa antes.<\/p>\n\n\n\n<p>No sucedi\u00f3 nada hasta entonces y \u00a1c\u00f3mo estall\u00f3 la celebraci\u00f3n del triunfo!<\/p>\n\n\n\n<p>1o. de mayo de 1961: los que estuvimos all\u00ed no olvidaremos nunca esa fecha.<\/p>\n\n\n\n<p>Vimos a un pueblo madurando aprisa en dolores y alegr\u00edas, en esfuerzos y en conquistas, celebrando el hecho de sentirse vivo.<\/p>\n\n\n\n<p>\u00a1Es preciso aplastar a Cuba!, leo y escucho constantemente en este otro mundo en el que habito. Y me acuerdo de las antiguas sirvientas y humildes obreras y campesinas sobre sus cuadernos y libros, tal como las vi en los internados de la escuela \u00abMariana Grajales\u00bb, estudiando para sus ex\u00e1menes de Psicolog\u00eda, de Geograf\u00eda econ\u00f3mica, de Lenguaje, de Historia y de artes manuales prepar\u00e1ndose para ser cuidadoras en los nuevos c\u00edrculos infantiles.<\/p>\n\n\n\n<p>Me acuerdo de los ni\u00f1os y adultos negros y pobres pavone\u00e1ndose orgullosos en los antes aristocr\u00e1ticos clubes exclusivos, y gozando de playas y piscinas. Me acuerdo de la conmovedora solemnidad de muchachos y muchachas adolescentes, discutiendo teor\u00edas pol\u00edticas y econ\u00f3micas. Y de la honestidad y total entrega a su pueblo de los ministros. Del necesario acopio de paciencia ante el desesperante desorden de algunas oficinas en donde se improvisan t\u00e9cnicos a partir de la voluntad, el tes\u00f3n y la inteligencia para serlo, en af\u00e1n de cubrir pronto los puestos de quienes han huido. Me acuerdo de las cabezas blancas de viejos luchadores a quienes han renacido br\u00edos, todav\u00eda at\u00f3nitos ante un \u00e9xito que no alcanzaron miles y miles de h\u00e9roes antes que ellos ca\u00eddos. Y me acuerdo del 1o. de mayo con su incre\u00edble estallido jubiloso de banderas de todos los pa\u00edses del mundo bajo el cielo de Cuba.<\/p>\n\n\n\n<p>Me acuerdo de todo eso&#8230; Oigo: \u00a1Es preciso aplastar a Cuba!&#8230; y se me encoge algo por dentro y se me anuda la garganta. Aplastar a Cuba ser\u00eda como golpear a un ni\u00f1o; destrozarle el coraz\u00f3n a una muchacha enamorada, o negarle la paz y el pan a un viejo. Como quitarnos a todos la esperanza.<\/p>\n\n\n\n<p>No fue sino hasta despu\u00e9s del 1o. de mayo cuando yo tambi\u00e9n acept\u00e9 plenamente, dentro de m\u00ed misma, el triunfo. Lo not\u00e9 en el renacimiento de mi antiguos sentido cr\u00edtico y objetividad frente a la Revoluci\u00f3n cubana, abandonando la actitud de apasionada entrega a ella en los d\u00edas de peligro inmediato.<\/p>\n\n\n\n<p>[Del libro <em>Cuba no es una isla<\/em>. Ediciones ERA, Colecci\u00f3n \u00abAncho Mundo\u00bb, n\u00ba 6. M\u00e9xico, D. F. 1961]<\/p>\n","protected":false},"excerpt":{"rendered":"<p>Sol Arguedas Bolet\u00edn de la informaci\u00f3n de la embajada de Cuba, No. 9, 1962. DEL CAP\u00cdTULO \u00abLOS AGRESORES\u00bb \u00bfPOR QUE no estalla el j\u00fabilo popular, ruidosa y cubanamente manifestado, a ra\u00edz del aplastante triunfo? Hay confianza, s\u00ed; pero cautelosa, \u00bfse tragar\u00e1n la derrota los yanquis? Crecen, en cambio, la rabia y el dolor por los &#8230; <a title=\"Cuba no es una isla\" class=\"read-more\" href=\"https:\/\/revistamemoria.mx\/?p=4696\" aria-label=\"Leer m\u00e1s sobre Cuba no es una isla\">Leer m\u00e1s<\/a><\/p>\n","protected":false},"author":1,"featured_media":0,"comment_status":"closed","ping_status":"closed","sticky":false,"template":"","format":"standard","meta":{"footnotes":""},"categories":[25],"tags":[],"class_list":["post-4696","post","type-post","status-publish","format-standard","hentry","category-mexico"],"_links":{"self":[{"href":"https:\/\/revistamemoria.mx\/index.php?rest_route=\/wp\/v2\/posts\/4696","targetHints":{"allow":["GET"]}}],"collection":[{"href":"https:\/\/revistamemoria.mx\/index.php?rest_route=\/wp\/v2\/posts"}],"about":[{"href":"https:\/\/revistamemoria.mx\/index.php?rest_route=\/wp\/v2\/types\/post"}],"author":[{"embeddable":true,"href":"https:\/\/revistamemoria.mx\/index.php?rest_route=\/wp\/v2\/users\/1"}],"replies":[{"embeddable":true,"href":"https:\/\/revistamemoria.mx\/index.php?rest_route=%2Fwp%2Fv2%2Fcomments&post=4696"}],"version-history":[{"count":1,"href":"https:\/\/revistamemoria.mx\/index.php?rest_route=\/wp\/v2\/posts\/4696\/revisions"}],"predecessor-version":[{"id":4697,"href":"https:\/\/revistamemoria.mx\/index.php?rest_route=\/wp\/v2\/posts\/4696\/revisions\/4697"}],"wp:attachment":[{"href":"https:\/\/revistamemoria.mx\/index.php?rest_route=%2Fwp%2Fv2%2Fmedia&parent=4696"}],"wp:term":[{"taxonomy":"category","embeddable":true,"href":"https:\/\/revistamemoria.mx\/index.php?rest_route=%2Fwp%2Fv2%2Fcategories&post=4696"},{"taxonomy":"post_tag","embeddable":true,"href":"https:\/\/revistamemoria.mx\/index.php?rest_route=%2Fwp%2Fv2%2Ftags&post=4696"}],"curies":[{"name":"wp","href":"https:\/\/api.w.org\/{rel}","templated":true}]}}