{"id":4713,"date":"2026-03-17T20:39:30","date_gmt":"2026-03-18T02:39:30","guid":{"rendered":"https:\/\/revistamemoria.mx\/?p=4713"},"modified":"2026-03-17T20:39:30","modified_gmt":"2026-03-18T02:39:30","slug":"la-defensa-de-cuba-es-apremiante","status":"publish","type":"post","link":"https:\/\/revistamemoria.mx\/?p=4713","title":{"rendered":"La defensa de Cuba es apremiante"},"content":{"rendered":"\n<p>L\u00e1zaro C\u00e1rdenas<\/p>\n\n\n\n<p><em>M\u00e9xico y Cuba: dos pueblos en la historia<\/em>, M\u00e9xico, Centro de Investigaciones Cient\u00edficas Jorge L. Tamayo, M\u00e9xico, 1982.<\/p>\n\n\n\n<p>Hace aproximadamente dos a\u00f1os se celebr\u00f3 en M\u00e9xico la primera Conferencia Latinoamericana por la Soberan\u00eda Nacional, la Emancipaci\u00f3n Econ\u00f3mica y la Paz, reuni\u00f3n representativa de los pueblos de este continente, en la que se expusieron y analizaron los problemas m\u00e1s apremiantes que afectan a esta parte del mundo, para determinar la manera de abordarlos y de contribuir a resolverlos en com\u00fan.<\/p>\n\n\n\n<p>Como es bien sabido, Am\u00e9rica Latina encierra un conjunto de pa\u00edses de singular similaridad. Adem\u00e1s de las conocidas ligas hist\u00f3ricas, \u00e9tnicas e idiom\u00e1ticas que los unen, se distinguen por el paralelismo de su escaso desarrollo econ\u00f3mico en un medio f\u00edsico de enormes recursos potenciales, as\u00ed como por iguales carencias populares y urgencias nacionales.<\/p>\n\n\n\n<p>Ante una realidad de perfiles comunes, la perspectiva en cuanto a la soluci\u00f3n de los problemas latinoamericanos se presenta tambi\u00e9n af\u00edn dentro de la pluralidad de caminos y m\u00e9todos que las caracter\u00edsticas peculiares de cada uno de nuestros pa\u00edses determinen.<\/p>\n\n\n\n<p>Analizadas las causas de la dependencia econ\u00f3mica de Am\u00e9rica Latina, en la Conferencia Latinoamericana por la Soberan\u00eda Nacional, la Emancipaci\u00f3n Econ\u00f3mica y la Paz se se\u00f1al\u00f3 la necesidad impostergable de propiciar la acci\u00f3n popular organizada para luchar contra los principales obst\u00e1culos que encuentran los pa\u00edses iberoamericanos para su desarrollo econ\u00f3mico independiente: el imperialismo y la guerra.<\/p>\n\n\n\n<p>El rescate de las riquezas nacionales de manos extranjeras; la promoci\u00f3n o la intensificaci\u00f3n de la reforma agraria como requerimiento b\u00e1sico para elevar el nivel de vida y la capacidad de consumo de la poblaci\u00f3n campesina, ampliamente mayoritaria en nuestro continente; la consecuente, sana y firme industrializaci\u00f3n verdaderamente nacional; el libre acceso a todos los mercados sobre bases de trato justo y mutuamente provechoso; la atenci\u00f3n preferente a la educaci\u00f3n popular e ind\u00edgena; la afirmaci\u00f3n de nuestra cultura en el respeto a la idiosincrasia y la manera de vida de los pueblos latinoamericanos y la defensa de la libertad, la soberan\u00eda y la paz mundial, son los principales objetivos que la Conferencia Latinoamericana consider\u00f3 fundamentales para liberar a nuestros pueblos de la pobreza, la ignorancia, la insalubridad y la injusticia en que a\u00fan se debaten.<\/p>\n\n\n\n<p>En este empe\u00f1o com\u00fan se nutren, luchan y se organizan los pueblos latinoamericanos, haci\u00e9ndose ya necesaria la conjugaci\u00f3n de sus crecientes esfuerzos para dejar sentadas las bases org\u00e1nicas, continentales, para la acci\u00f3n com\u00fan permanente en favor de nuestra cabal independencia y, a la vez, para hacer m\u00e1s efectiva nuestra presencia en el mundo, como una fuerza solidaria de todos los pueblos que luchan en distintas formas y en diferentes latitudes por su progreso, su amistosa convivencia y por el mantenimiento de la paz mundial.<\/p>\n\n\n\n<p>Ah\u00ed tenemos el caso de la hermana Rep\u00fablica de Cuba, cuyo pueblo se ha sacudido la opresi\u00f3n del imperialismo norteamerica-no, escogiendo con valor y decisi\u00f3n, su propia ruta liberadora.<\/p>\n\n\n\n<p>Cualquiera que sea el continente, todos debemos concurrir a la defensa urgente de Cuba, tanto en un acto de solidaridad ante los amagos del imperialismo contra la isla, como en uno de autodefensa imprescindible para acelerar la emancipaci\u00f3n integral de nuestros pa\u00edses. Primero por presiones contra la soberan\u00eda de Cuba, despu\u00e9s con actos de agresi\u00f3n econ\u00f3mica, m\u00e1s tarde con la invasi\u00f3n de mercenarios al servicio del imperialismo norte-americano; ayer con la amenaza de atacarla nuevamente con las fuerzas militares de un gobierno extranjero, y hoy tratando de ahogarla por medio de un bloqueo econ\u00f3mico a todas luces ilegal, y de aislarla de los pa\u00edses hermanos, el gobierno norteamericano intenta derrotar a Cuba y, simult\u00e1neamente, detener las luchas latinoamericanas de libertad e independencia econ\u00f3mica.<\/p>\n\n\n\n<p>En relaci\u00f3n con este problema cubano, vivimos hoy una tregua, pero el despliegue continuo de actos de agresi\u00f3n nos se\u00f1ala que a\u00fan se cierne sobre Cuba la amenaza de la intervenci\u00f3n directa, y sobre el mundo la de la guerra, pues mientras el gobierno de los E.U. persista en mantener y ampliar el bloqueo econ\u00f3mico, en estimular las actividades subversivas en la isla \u2014dirigidas y organizadas desde el exterior\u2014, en violar el territorio y el es pacio a\u00e9reo de Cuba y en mantener la base militar de Guant\u00e1namo, aquellos peligros no desaparecer\u00e1n.<\/p>\n\n\n\n<p>Ante esta situaci\u00f3n, la defensa de Cuba es apremiante y los latinoamericanos vemos con especial inter\u00e9s la realizaci\u00f3n, en R\u00edo de Janeiro, de un Congreso Continental de Solidaridad con Cuba que denuncie en forma expresa la vulneraci\u00f3n que hacen los E.U. de los principios consagrados, en letra y esp\u00edritu, en la Carta de las Naciones Unidas y en la propia Carta de los Estados Americanos, de respeto a la soberan\u00eda, la independencia, la auto-determinaci\u00f3n, la integridad territorial, la igualdad jur\u00eddica de los estados y el arreglo de los conflictos internacionales por medios pac\u00edficos.<\/p>\n\n\n\n<p>El Congreso Continental de Solidaridad con Cuba ser\u00e1 una nueva tribuna para proclamar el derecho que asiste a ese pa\u00eds a vivir en paz, en plena autonom\u00eda interna, y para insistir en la necesidad de abrirle el camino para que pueda restablecer normales relaciones diplom\u00e1ticas y de intercambio con los dem\u00e1s pa\u00edses del mundo, especialmente con los de Am\u00e9rica Latina. Asimismo, para difundir y hacer suyos los justos requerimientos del gobierno cubano para la soluci\u00f3n definitiva del problema: los Cinco Puntos.<\/p>\n\n\n\n<p>El mantenimiento de la paz mundial est\u00e1 en juego todav\u00eda en Cuba; tambi\u00e9n lo est\u00e1n la dignidad y la independencia de las naciones que, a trav\u00e9s de los a\u00f1os y tomando en cuenta experiencias aleccionadoras, han sentado s\u00f3lidos principios y prop\u00f3sitos que se han comprometido a cumplir para lograr una convivencia internacional pac\u00edfica y respetuosa de los derechos inherentes a la soberan\u00eda de cada pa\u00eds.<\/p>\n\n\n\n<p>L\u00e1zaro C\u00e1rdenas<\/p>\n\n\n\n<p>M\u00e9xico, 4 de febrero de 1963.<\/p>\n","protected":false},"excerpt":{"rendered":"<p>L\u00e1zaro C\u00e1rdenas M\u00e9xico y Cuba: dos pueblos en la historia, M\u00e9xico, Centro de Investigaciones Cient\u00edficas Jorge L. Tamayo, M\u00e9xico, 1982. Hace aproximadamente dos a\u00f1os se celebr\u00f3 en M\u00e9xico la primera Conferencia Latinoamericana por la Soberan\u00eda Nacional, la Emancipaci\u00f3n Econ\u00f3mica y la Paz, reuni\u00f3n representativa de los pueblos de este continente, en la que se expusieron &#8230; <a title=\"La defensa de Cuba es apremiante\" class=\"read-more\" href=\"https:\/\/revistamemoria.mx\/?p=4713\" aria-label=\"Leer m\u00e1s sobre La defensa de Cuba es apremiante\">Leer m\u00e1s<\/a><\/p>\n","protected":false},"author":1,"featured_media":0,"comment_status":"closed","ping_status":"closed","sticky":false,"template":"","format":"standard","meta":{"footnotes":""},"categories":[25],"tags":[],"class_list":["post-4713","post","type-post","status-publish","format-standard","hentry","category-mexico"],"_links":{"self":[{"href":"https:\/\/revistamemoria.mx\/index.php?rest_route=\/wp\/v2\/posts\/4713","targetHints":{"allow":["GET"]}}],"collection":[{"href":"https:\/\/revistamemoria.mx\/index.php?rest_route=\/wp\/v2\/posts"}],"about":[{"href":"https:\/\/revistamemoria.mx\/index.php?rest_route=\/wp\/v2\/types\/post"}],"author":[{"embeddable":true,"href":"https:\/\/revistamemoria.mx\/index.php?rest_route=\/wp\/v2\/users\/1"}],"replies":[{"embeddable":true,"href":"https:\/\/revistamemoria.mx\/index.php?rest_route=%2Fwp%2Fv2%2Fcomments&post=4713"}],"version-history":[{"count":1,"href":"https:\/\/revistamemoria.mx\/index.php?rest_route=\/wp\/v2\/posts\/4713\/revisions"}],"predecessor-version":[{"id":4714,"href":"https:\/\/revistamemoria.mx\/index.php?rest_route=\/wp\/v2\/posts\/4713\/revisions\/4714"}],"wp:attachment":[{"href":"https:\/\/revistamemoria.mx\/index.php?rest_route=%2Fwp%2Fv2%2Fmedia&parent=4713"}],"wp:term":[{"taxonomy":"category","embeddable":true,"href":"https:\/\/revistamemoria.mx\/index.php?rest_route=%2Fwp%2Fv2%2Fcategories&post=4713"},{"taxonomy":"post_tag","embeddable":true,"href":"https:\/\/revistamemoria.mx\/index.php?rest_route=%2Fwp%2Fv2%2Ftags&post=4713"}],"curies":[{"name":"wp","href":"https:\/\/api.w.org\/{rel}","templated":true}]}}