{"id":518,"date":"2015-08-05T05:21:36","date_gmt":"2015-08-04T23:21:36","guid":{"rendered":"http:\/\/revistamemoria.mx\/?p=518"},"modified":"2020-06-10T13:33:25","modified_gmt":"2020-06-10T19:33:25","slug":"otra-mano-invisible","status":"publish","type":"post","link":"https:\/\/revistamemoria.mx\/?p=518","title":{"rendered":"OTRA MANO INVISIBLE"},"content":{"rendered":"<h3 style=\"text-align: left;\"><b>PARA UNA HIP\u00d3TESIS ECONOMICISTA<br \/>\n<\/b><b>(PRIMERA PARTE)<\/b><\/h3>\n<p>\u00bfPodr\u00edamos sostener la hip\u00f3tesis de que, subyacente a los procesos que tienen lugar en el nivel de la conducci\u00f3n pol\u00edtica \u2014el terreno donde se enfrentan izquierdas y derechas, se disputan las reglas del juego econ\u00f3mico y se implantan las pol\u00edticas de los gobiernos electos\u2014, una fuerza m\u00e1s profunda y s\u00f3lida dispone las econom\u00edas nacionales seg\u00fan un orden r\u00edgido? \u00bfLa hip\u00f3tesis de que, al margen de los procesos convulsos y contingentes que constituyen la vida pol\u00edtica de las naciones, ciertas din\u00e1micas estructurales mantendr\u00edan las econom\u00edas en niveles estables e incluso predecibles? Suceder\u00eda entonces como si la vida de las naciones pudiera juzgarse en dos niveles y \u00f3pticas. A la vertiginosa serie de acontecimientos que definen la biograf\u00eda particular de un pa\u00eds \u2014crisis, reformas, elecciones, pol\u00edticas p\u00fablicas, cambios de r\u00e9gimen y hasta conflictos armados\u2014, y en los cuales la voluntad de los implicados es determinante, se opondr\u00eda, en el largo plazo y desde un punto de vista global, una tendencia ordenadora que neutraliza todos estos sucesos y conduce a las naciones hacia resultados regulares. Los periplos que singularizan a cada pa\u00eds perder\u00edan importancia ante la acci\u00f3n de din\u00e1micas subyacentes, que en el mediano plazo los reconducen hacia un estadio predeterminado por coacciones externas.<\/p>\n<p>Por ahora, la hip\u00f3tesis nada dice de la naturaleza del Estado, mucho menos de su imbricaci\u00f3n con los procesos econ\u00f3micos. Se limita a sugerir que, en el \u201cconcierto de las naciones\u201d, cada una de ellas es empujada como por una mano invisible (otra mano invisible) hacia determinado nivel econ\u00f3mico al que pertenece como por fatalidad. Utilizamos a sabiendas la met\u00e1fora: si en los mecanismos del libre mercado Adam Smith crey\u00f3 entrever la acci\u00f3n de una fuerza que trueca el inter\u00e9s personal en un beneficio general, aqu\u00ed hablar\u00edamos de una fuerza de signo inverso por cuya acci\u00f3n los ganadores y los perdedores del juego de la econom\u00eda siempre son los mismos y en un orden semejante.<\/p>\n<p>Presentaremos a continuaci\u00f3n algunas escenas para avanzar en la fundamentaci\u00f3n de esta hip\u00f3tesis economicista. Dicha labor pasa por detectar la presencia de mecanismos externos a los esfuerzos individuales e incluso de las decisiones colectivas que tendemos a identificar con los movimientos del Estado-naci\u00f3n.<\/p>\n<p><b><i><img loading=\"lazy\" decoding=\"async\" class=\" wp-image-519 alignleft\" src=\"https:\/\/revistamemoria.mx\/wp-content\/uploads\/2015\/08\/terremoto13mini.jpg\" alt=\"terremoto13mini\" width=\"300\" height=\"426\" \/>a. De la voluntad individual.<\/i><\/b> En nuestra entrega anterior centramos la atenci\u00f3n en que, de acuerdo con los estudios de la OCDE, el nuestro es el pa\u00eds donde m\u00e1s horas se trabaja anualmente a cambio de una de las peores remuneraciones. El dato tiene la mayor relevancia dado que basta para echar abajo al menos dos prejuicios ampliamente admitidos. Primero, la insultante idea de que los pueblos del tercer mundo estar\u00edan afectados por una suerte de pereza cong\u00e9nita, causa \u00faltima de su pobreza. Segundo, el extendido prejuicio \u2014fundamento \u00e9tico del capitalismo\u2014 de que hay una relaci\u00f3n directa y justa entre el esfuerzo y la ganancia, entre la cantidad de trabajo rendido y la remuneraci\u00f3n obtenida, en cuyo caso, de acuerdo con el mismo informe, los pueblos m\u00e1s pobres deber\u00edan ser los ociosos daneses, noruegos, alemanes y holandeses (quienes trabajan entre 1,500 y 1,300 horas anualmente) y no los hiperlaboriosos chilenos, griegos, coreanos y mexicanos (quienes se desloman por alrededor de 2,100 horas cada a\u00f1o). M\u00e1s a\u00fan, las ochocientas cincuenta horas extra de trabajo anual que median entre los extremos de la tabla, es decir, nosotros y los holandeses, deber\u00edan traducirse en mayor calidad de vida a favor nuestro. Sin embargo, los hechos apuntan en el sentido opuesto. Si es posible extraer una correlaci\u00f3n consistente entre estas variables (tiempo trabajado y nivel econ\u00f3mico), resulta que los pa\u00edses con los mayores ingresos tienden hacia jornadas m\u00e1s breves, mientras que las horas extra son monopolio de los pa\u00edses en precariedad.<sup>1<\/sup> As\u00ed, mientras la \u00e9tica capitalista promete que una gran riqueza es efecto de un trabajo m\u00e1s intenso y extenso, los hechos muestran que tal riqueza es la causa un trabajo menor. El trabajo es fruto de la desposesi\u00f3n como el ocio lo es de la riqueza. En esa medida, la situaci\u00f3n entre pa\u00edses desarrollados y pobres no difiere de la relaci\u00f3n entre trabajadores y capitalistas: lo que se presenta primero como contrato comercial entre socios libres se expresa luego como repartici\u00f3n desigual de los tiempos de trabajo y de disfrute. La divisi\u00f3n mundial del trabajo reproduce la moraleja contenida en la teor\u00eda de Marx: en el capitalismo trabajar no suele ser buen negocio.<\/p>\n<p>Que el resultado general de una econom\u00eda sea independiente de la cantidad de trabajo rendido por sus habitantes remite a din\u00e1micas producidas en un nivel distinto del correspondiente a la voluntad de los individuos. \u00bfSer\u00eda l\u00edcito llevar m\u00e1s all\u00e1 este principio, hasta preguntarnos por la eficacia de las decisiones estatales en relaci\u00f3n con la econom\u00eda global \u2013&#8211;en otros t\u00e9rminos, por la capacidad real de la voluntad colectiva expresada en el Estado para incidir en el curso de los procesos econ\u00f3micos?<\/p>\n<p><b><i>b. De la voluntad colectiva.<\/i><\/b> El ejercicio es el siguiente: ordenar jer\u00e1rquicamente las naciones de acuerdo con el tama\u00f1o de su <i>PIB per c\u00e1pita<\/i> y analizar la evoluci\u00f3n hist\u00f3rica de sus movimientos vali\u00e9ndonos del <i>\u00edndice de correlaci\u00f3n<\/i> (donde 0 indica correlaci\u00f3n nula, y 1 perfecta), considerando que dicho \u00edndice puede funcionar como un indicador del grado de dependencia de una econom\u00eda respecto de su pasado y, en esa misma medida, un \u00edndice de la estabilidad de la din\u00e1mica global.<\/p>\n<p>Los datos var\u00edan de acuerdo con las distintas investigaciones pero las tendencias generales se mantienen. Por ejemplo, seg\u00fan el <i>ERS International Macroeconomic Data Set<\/i>, que presenta un c\u00e1lculo del PIB per c\u00e1pita para 190 pa\u00edses, de 1969 a 2013, los ordenamientos de estos a\u00f1os mantienen entre s\u00ed un grado de correlaci\u00f3n de .88. A 44 a\u00f1os de distancia, el estado de la econom\u00eda en el lejano 1969 influye con vigor (probablemente m\u00e1s que cualquier otra variable) en el estado de esa econom\u00eda para el futuro. Seg\u00fan la informaci\u00f3n recopilada por el Banco Mundial, que abarca 191 pa\u00edses, el \u00edndice de correlaci\u00f3n entre el orden econ\u00f3mico de 1962 y el de 2013 es de .86. Los 51 a\u00f1os de distancia no bastan para debilitar la fuerte asociaci\u00f3n entre ellos. Y seg\u00fan la informaci\u00f3n del <i>Proyecto Maddison<\/i>, el \u00edndice de correlaci\u00f3n entre los \u00f3rdenes econ\u00f3micos de 1950 y 2008 para 140 pa\u00edses es de .78. El alto grado de correlaci\u00f3n, claro est\u00e1, no impide a ciertos pa\u00edses conseguir desplazamientos extraordinarios en la jerarqu\u00eda. \u00c9ste es el caso de China o Taiw\u00e1n, cuyo desarrollo se basa en la superexplotaci\u00f3n de la fuerza de trabajo, o Guinea Ecuatorial, donde el descubrimiento de grandes yacimientos petroleros lo catapult\u00f3 en una d\u00e9cada como poderosa econom\u00eda. El estudio de estos casos ser\u00e1 fundamental para determinar los medios por los cuales un pa\u00eds rompe la inercia que arrastra a la mayor\u00eda de los pa\u00edses y los encasilla.\u00a0 La excepci\u00f3n, empero, no es menos importante que la regla: por ejemplo, si del concentrado presentado por la investigaci\u00f3n de Maddison retiramos a los 10 pa\u00edses m\u00e1s vol\u00e1tiles, el \u00edndice de correlaci\u00f3n para los 180 restantes en los mismos 44 a\u00f1os asciende hasta .94.<\/p>\n<p>Estos datos, nos llevan a suponer que, comparativamente, las econom\u00edas tienden a establecerse en el mismo rango. Un an\u00e1lisis m\u00e1s detenido de estas tenencias podr\u00e1 determinar con mejor los alcances de la hip\u00f3tesis, que apunta a sugerir que el margen de maniobra del Estado es mucho m\u00e1s estrecho del que de ordinario imaginamos. Adentrarse en dicho an\u00e1lisis ser\u00e1 el objeto de la continuaci\u00f3n de esta entrega&#8230;<\/p>\n<hr \/>\n<p><sup>1<\/sup> Corea representa una excepci\u00f3n de la regla. Su desempe\u00f1o, con el resto de los llamados \u201cTigres asi\u00e1ticos\u201d, constituye un\u00a0 caso extraordinario que merece an\u00e1lisis aparte a prop\u00f3sito de los costos del crecimiento econ\u00f3mico.<\/p>\n<hr \/>\n<p><b>Referencias<\/b><\/p>\n<p>\u2013 \u00cdndice para una vida mejor 2013, OCDE. En http:\/\/www.oecdbetterlifeindex.org\/<\/p>\n<p>\u2013 Catalog Sources World Development Indicator, World Bank National Accounts Data, and OECD National Accounts Data Files, 2015. En shttp:\/\/data.worldbank.org\/indicator\/NY.GDP.PCAP.CD<\/p>\n<p>\u2013 ERS International Macroeconomic Data Set, United States Department of Agriculture Economic Research Service, 2015. Disponible en http:\/\/www.ers.usda.gov\/data\u2013products\/international\u2013macroeconomic\u2013data\u2013set.aspx<\/p>\n<p>\u2013 Maddison Historical GDP Data, en<\/p>\n<p>http:\/\/www.worldeconomics.com\/Data\/MadisonHistoricalGDP\/Madison%20Historical%20GDP%20Data.efp<\/p>\n","protected":false},"excerpt":{"rendered":"<p>PARA UNA HIP\u00d3TESIS ECONOMICISTA (PRIMERA PARTE) \u00bfPodr\u00edamos sostener la hip\u00f3tesis de que, subyacente a los procesos que tienen lugar en el nivel de la conducci\u00f3n pol\u00edtica \u2014el terreno donde se enfrentan izquierdas y derechas, se disputan las reglas del juego econ\u00f3mico y se implantan las pol\u00edticas de los gobiernos electos\u2014, una fuerza m\u00e1s profunda y &#8230; <a title=\"OTRA MANO INVISIBLE\" class=\"read-more\" href=\"https:\/\/revistamemoria.mx\/?p=518\" aria-label=\"Leer m\u00e1s sobre OTRA MANO INVISIBLE\">Leer m\u00e1s<\/a><\/p>\n","protected":false},"author":12,"featured_media":0,"comment_status":"closed","ping_status":"closed","sticky":false,"template":"","format":"standard","meta":{"footnotes":""},"categories":[89],"tags":[11],"class_list":["post-518","post","type-post","status-publish","format-standard","hentry","category-devastacion-de-estado","tag-mexico"],"_links":{"self":[{"href":"https:\/\/revistamemoria.mx\/index.php?rest_route=\/wp\/v2\/posts\/518","targetHints":{"allow":["GET"]}}],"collection":[{"href":"https:\/\/revistamemoria.mx\/index.php?rest_route=\/wp\/v2\/posts"}],"about":[{"href":"https:\/\/revistamemoria.mx\/index.php?rest_route=\/wp\/v2\/types\/post"}],"author":[{"embeddable":true,"href":"https:\/\/revistamemoria.mx\/index.php?rest_route=\/wp\/v2\/users\/12"}],"replies":[{"embeddable":true,"href":"https:\/\/revistamemoria.mx\/index.php?rest_route=%2Fwp%2Fv2%2Fcomments&post=518"}],"version-history":[{"count":2,"href":"https:\/\/revistamemoria.mx\/index.php?rest_route=\/wp\/v2\/posts\/518\/revisions"}],"predecessor-version":[{"id":622,"href":"https:\/\/revistamemoria.mx\/index.php?rest_route=\/wp\/v2\/posts\/518\/revisions\/622"}],"wp:attachment":[{"href":"https:\/\/revistamemoria.mx\/index.php?rest_route=%2Fwp%2Fv2%2Fmedia&parent=518"}],"wp:term":[{"taxonomy":"category","embeddable":true,"href":"https:\/\/revistamemoria.mx\/index.php?rest_route=%2Fwp%2Fv2%2Fcategories&post=518"},{"taxonomy":"post_tag","embeddable":true,"href":"https:\/\/revistamemoria.mx\/index.php?rest_route=%2Fwp%2Fv2%2Ftags&post=518"}],"curies":[{"name":"wp","href":"https:\/\/api.w.org\/{rel}","templated":true}]}}