{"id":58,"date":"2015-02-11T07:02:33","date_gmt":"2015-02-11T01:02:33","guid":{"rendered":"http:\/\/revistamemoria.mx\/?p=58"},"modified":"2020-06-10T13:33:55","modified_gmt":"2020-06-10T19:33:55","slug":"una-izquierda-que-no-existe-en-el-estado-que-no-es","status":"publish","type":"post","link":"https:\/\/revistamemoria.mx\/?p=58","title":{"rendered":"UNA IZQUIERDA QUE NO EXISTE EN EL ESTADO QUE NO ES"},"content":{"rendered":"<p>El Estado mexicano \u2013que desde la Revoluci\u00f3n mexicana hasta los a\u00f1os 1980 fue un ejemplo de manual de lo que era un Estado capitalista- no es m\u00e1s que un semi Estado en descomposici\u00f3n acelerada. En efecto, ha sufrido mucho m\u00e1s que otros Estados de pa\u00edses dependientes las consecuencias de la pol\u00edtica del gran capital en el desarrollo de la mundializaci\u00f3n.<\/p>\n<p>Es decir, la p\u00e9rdida de soberan\u00eda en el establecimiento de su pol\u00edtica financiera, monetaria, militar, jur\u00eddica, alimentaria, rural, demogr\u00e1fica y del control del territorio nacional. Los acuerdos internacionales subordinan a Estados Unidos, los servicios de la deuda externa, el presupuesto y la moneda nacional. La compra del armamento se realiza en Estados Unidos, las fuerzas armadas est\u00e1n supervisadas por Estados Unidos mediante observadores <i>in situ<\/i>, los procesos electorales son controlados por Washington al igual que la justicia, el campo fue colocado al servicio de las necesidades estacionales de los importadores del Norte y la soberan\u00eda alimentaria fue liquidada mediante el Tratado de Libre Comercio norteamericano con el resultado del despoblamiento de las regiones rurales a la opci\u00f3n a la\u00a0 poblaci\u00f3n joven entre la desocupaci\u00f3n disfrazada de empleo informal, la emigraci\u00f3n clandestina abandonada a s\u00ed misma o la delincuencia y el ej\u00e9rcito de Estados Unidos declara oficialmente que controla todo el territorio hasta Centroam\u00e9rica y manda t\u00e9cnicos militares y policiales a M\u00e9xico para intervenir en lo que titula \u201cdefensa del orden\u201d.<\/p>\n<p><a href=\"https:\/\/revistamemoria.mx\/wp-content\/uploads\/2015\/02\/flores-0.jpeg\"><img loading=\"lazy\" decoding=\"async\" class=\"alignleft wp-image-59 size-medium\" src=\"https:\/\/revistamemoria.mx\/wp-content\/uploads\/2015\/02\/flores-0-300x245.jpeg\" alt=\"flores 0\" width=\"300\" height=\"245\" srcset=\"https:\/\/revistamemoria.mx\/wp-content\/uploads\/2015\/02\/flores-0-300x245.jpeg 300w, https:\/\/revistamemoria.mx\/wp-content\/uploads\/2015\/02\/flores-0-1024x835.jpeg 1024w, https:\/\/revistamemoria.mx\/wp-content\/uploads\/2015\/02\/flores-0.jpeg 1581w\" sizes=\"auto, (max-width: 300px) 100vw, 300px\" \/><\/a>A eso se agrega la ilegitimidad y la ilegalidad del personal gobernante desde 1988 (anteriormente el PRI comet\u00eda continuamente fraudes, asesinatos pol\u00edticos e ilegalidades pero ten\u00eda amplio consenso popular). El fraude descarado le rob\u00f3 la victoria electoral\u00a0 en 1988 a Cuauht\u00e9moc C\u00e1rdenas; los asesinatos masivos crearon las condiciones para imponer un nuevo gobierno del PRI-PAN que no cumpli\u00f3 con su firma en los Acuerdos de San Andr\u00e9s y pas\u00f3 el testimonio al PAN, que en el 2006 volvi\u00f3 a robarle\u00a0 la elecci\u00f3n presidencial, en este caso a Andr\u00e9s Manuel L\u00f3pez Obrador, militariz\u00f3 y ensangrent\u00f3 al pa\u00eds y en el 2012 devolvi\u00f3 el gobierno a su aliado pri\u00edsta para que eliminase por completo en el plano jur\u00eddico, pol\u00edtico, econ\u00f3mico y social las conquistas de la Revoluci\u00f3n mexicana que a\u00fan subsist\u00edan.<\/p>\n<p>El resultado es un Estado sin los atributos de un Estado independiente,<sup>1<\/sup> coludido con la parte m\u00e1s sangrienta e inescrupulosa del capital, el narcotr\u00e1fico y\u00a0 la delincuencia organizada, carente de consenso y dependiente por completo de la represi\u00f3n y los asesinatos para mantener el gobierno de una oligarqu\u00eda reducida de socios del gran capital financiero internacional, donde la Presidencia media entre los se\u00f1ores regionales y los se\u00f1ores de los clanes de narcos con la cobertura de un Parlamento servil donde PRI, PAN y PRD aprueban todo a libro cerrado a cambio de la propina para los lacayos.<\/p>\n<p>En este semi Estado no existe a\u00fan una izquierda alternativa. No la hay porque las tendencias mayores que dicen pertenecer a la izquierda y a la oposici\u00f3n no son m\u00e1s que la izquierda del r\u00e9gimen capitalista y del sistema mexicano, no su alternativa y no buscan barrerlos a ambos con la movilizaci\u00f3n obrera, campesina y popular sino modificarlos, reformarlos detr\u00e1s, en el mejor de los casos, de la peregrina idea de resucitar el M\u00e9xico reformista y nacionalista de L\u00e1zaro C\u00e1rdenas, olvidando que las conquistas de los a\u00f1os 30 fueron el resultado de grandes luchas violentas y que ese gobierno termin\u00f3 instalando en Los Pinos a \u00c1vila Camacho y al PRI.<\/p>\n<p>El PRD, que naci\u00f3 de la izquierda del PRI y de su uni\u00f3n con diversos partidos, militantes y movimientos de la izquierda socialista tradicional, r\u00e1pidamente se convirti\u00f3 en la quinta rueda del carro gubernamental, como lo prueban, una vez m\u00e1s, los consejos de C\u00e1rdenas a sus parlamentarios que obstaculizaron la aprobaci\u00f3n de los derechos de los ind\u00edgenas, el llamado Pacto por M\u00e9xico y el caso de Ayotzinapa.<\/p>\n<p>Morena, nacido de la izquierda del PRD y de la lucha leg\u00edtima y necesaria contra el fraude en el 2006, ha escogido por su parte la v\u00eda electoral, cerrando la de la organizaci\u00f3n de la resistencia civil, no organiza prioritariamente la protesta social y se limita a esperar que el peor gobierno que ha tenido M\u00e9xico desde el general Santa Anna y desde Porfirio D\u00edaz, respete en el futuro el resultado de las urnas. De este modo va a pasos acelerados hacia su transformaci\u00f3n en un PRD bis.<\/p>\n<p>El abstencionismo y el apoliticismo semian\u00e1rquico de la Otra Campa\u00f1a favorecieron a Calder\u00f3n y favorecen al sistema capitalista, dejando que los ind\u00edgenas del EZLN queden encerrados y abandonando cualquier formaci\u00f3n pol\u00edtica de sus cuadros y toda posibilidad de elaboraci\u00f3n program\u00e1tica anticapitalista.<\/p>\n<p>Queda as\u00ed una esperanza que es a\u00fan una posibilidad: la Organizaci\u00f3n Pol\u00edtica de los Trabajadores (OPT) creado por varios sindicatos, principalmente el Sindicato Mexicano de Electricistas (SME), m\u00e1s algunos peque\u00f1os partidos de izquierda revolucionaria.<\/p>\n<p>La OPT es un partido sin registro, pero con influencia en los sectores obreros m\u00e1s combativos. Su principal base \u2013el SME- es un sindicato de despedidos y jubilados cuya principal preocupaci\u00f3n es, l\u00f3gicamente, obtener una fuente de trabajo. Los sindicatos, adem\u00e1s, son\u00a0 un organismo para discutir en el mercado de trabajo las condiciones laborales y las remuneraciones de cada categor\u00eda, no la abolici\u00f3n del capitalismo y del r\u00e9gimen asalariado, y la principal preocupaci\u00f3n de sus dirigentes m\u00e1s combativos es conseguir una mejor relaci\u00f3n de fuerzas- a favor de los afiliados-frente a las empresas. Los sindicatos pueden apoyar acciones pol\u00edticas y formar partidos <i>ad hoc<\/i>, pero funcionan con otras bases que los partidos pol\u00edticos porque agrupan a trabajadores de diversas corrientes ideol\u00f3gicas sobre la base del enfrentamiento al patr\u00f3n, no al sistema. De ah\u00ed que los <i>trade unions<\/i> ingleses fuesen apoyo de la derecha laborista y los sindicatos brasile\u00f1os que formaron el Partido de los Trabajadores hayan sido la base del centroderecha dirigido por Lula en la direcci\u00f3n de ese partido.<\/p>\n<p>Por supuesto, la situaci\u00f3n extrema que vive M\u00e9xico sin ley ni seguridad jur\u00eddica\u00a0 y el alto grado de explotaci\u00f3n y opresi\u00f3n capitalista no tienen nada que ver con las situaciones que dieron origen al Partido Laborista ingl\u00e9s en el siglo XIX, al Partido Laborista argentino en 1945, r\u00e1pidamente domesticado por\u00a0 el peronismo y al PT brasile\u00f1o, en 1979. En M\u00e9xico los obreros combaten hoy con la espalda contra el muro. No tienen otra opci\u00f3n a la barbarie que la resistencia, la autoorganizaci\u00f3n, la audacia. Y en el seno de la OPT hay revolucionarios decididos.<\/p>\n<p>Todav\u00eda no est\u00e1 claro si la OPT tendr\u00e1 o no la claridad y la fuerza necesarias para ser el n\u00facleo de nuevos movimientos y cu\u00e1l puede ser su evoluci\u00f3n. Pero, responsablemente, para quien quiere luchar con independencia pol\u00edtica no solo contra los ejecutores de la pol\u00edtica del gran capital sino contra el sistema, la peque\u00f1a OPT, sin registro y\u00a0 con un futuro incierto, sigue siendo la \u00fanica opci\u00f3n.<\/p>\n<hr \/>\n<p><sup>1<\/sup> Ver Guillermo Almeyra, \u201cNotas sobre la crisis del Estado en M\u00e9xico\u201d, en Mabel Thwaites Rey (ed.), <i>El Estado en Am\u00e9rica Latina: continuidades y rupturas<\/i>, CLACSO-ARCIS, 2013, p\u00e1gs 169-189<\/p>\n","protected":false},"excerpt":{"rendered":"<p>El Estado mexicano \u2013que desde la Revoluci\u00f3n mexicana hasta los a\u00f1os 1980 fue un ejemplo de manual de lo que era un Estado capitalista- no es m\u00e1s que un semi Estado en descomposici\u00f3n acelerada. En efecto, ha sufrido mucho m\u00e1s que otros Estados de pa\u00edses dependientes las consecuencias de la pol\u00edtica del gran capital en &#8230; <a title=\"UNA IZQUIERDA QUE NO EXISTE EN EL ESTADO QUE NO ES\" class=\"read-more\" href=\"https:\/\/revistamemoria.mx\/?p=58\" aria-label=\"Leer m\u00e1s sobre UNA IZQUIERDA QUE NO EXISTE EN EL ESTADO QUE NO ES\">Leer m\u00e1s<\/a><\/p>\n","protected":false},"author":6,"featured_media":59,"comment_status":"closed","ping_status":"closed","sticky":false,"template":"","format":"standard","meta":{"footnotes":""},"categories":[3],"tags":[6,10,11,16,18,21,22],"class_list":["post-58","post","type-post","status-publish","format-standard","has-post-thumbnail","hentry","category-adonde-van-las-izquierdas-mexicanas","tag-prd","tag-morena","tag-mexico","tag-ezln","tag-amlo","tag-sme","tag-opt"],"_links":{"self":[{"href":"https:\/\/revistamemoria.mx\/index.php?rest_route=\/wp\/v2\/posts\/58","targetHints":{"allow":["GET"]}}],"collection":[{"href":"https:\/\/revistamemoria.mx\/index.php?rest_route=\/wp\/v2\/posts"}],"about":[{"href":"https:\/\/revistamemoria.mx\/index.php?rest_route=\/wp\/v2\/types\/post"}],"author":[{"embeddable":true,"href":"https:\/\/revistamemoria.mx\/index.php?rest_route=\/wp\/v2\/users\/6"}],"replies":[{"embeddable":true,"href":"https:\/\/revistamemoria.mx\/index.php?rest_route=%2Fwp%2Fv2%2Fcomments&post=58"}],"version-history":[{"count":3,"href":"https:\/\/revistamemoria.mx\/index.php?rest_route=\/wp\/v2\/posts\/58\/revisions"}],"predecessor-version":[{"id":234,"href":"https:\/\/revistamemoria.mx\/index.php?rest_route=\/wp\/v2\/posts\/58\/revisions\/234"}],"wp:featuredmedia":[{"embeddable":true,"href":"https:\/\/revistamemoria.mx\/index.php?rest_route=\/wp\/v2\/media\/59"}],"wp:attachment":[{"href":"https:\/\/revistamemoria.mx\/index.php?rest_route=%2Fwp%2Fv2%2Fmedia&parent=58"}],"wp:term":[{"taxonomy":"category","embeddable":true,"href":"https:\/\/revistamemoria.mx\/index.php?rest_route=%2Fwp%2Fv2%2Fcategories&post=58"},{"taxonomy":"post_tag","embeddable":true,"href":"https:\/\/revistamemoria.mx\/index.php?rest_route=%2Fwp%2Fv2%2Ftags&post=58"}],"curies":[{"name":"wp","href":"https:\/\/api.w.org\/{rel}","templated":true}]}}